{"id":1005,"date":"2019-04-11T06:47:53","date_gmt":"2019-04-11T06:47:53","guid":{"rendered":"https:\/\/neonmetin.info\/buletin\/?p=1005"},"modified":"2019-04-11T06:47:53","modified_gmt":"2019-04-11T06:47:53","slug":"lixu-fatin-la-iha-mota-comoro-sai-fatin-lixu-ba-aldeia-fomentu-ii","status":"publish","type":"post","link":"https:\/\/neonmetin.info\/buletin\/2019\/04\/11\/lixu-fatin-la-iha-mota-comoro-sai-fatin-lixu-ba-aldeia-fomentu-ii\/","title":{"rendered":"Lixu Fatin La Iha, Mota Comoro Sai Fatin Lixu Ba Aldeia Fomentu II"},"content":{"rendered":"<p><strong><em>Reportajen Adroaldo &#8216;Saretukau&#8217; &amp; Lucas &#8216;Hagho&#8217; <\/em><\/strong><\/p>\n<p>Mota kontinua sai fatin lixu ba komunidade ne\u2019ebe seidauk iha fatin lixu. Aldeia Fomentu II, iha Suco Comoro seidauk iha solusaun ba problema ne\u2019ebe sira hasoru dadaun hela. Komunidade kontinua soer foer ba mota. Mota sei lori foer sira tun ba halo foer tasi no fo impaktu liutan ba ambiente tasi no mos ba ema nia moris.<\/p>\n<p>Xefe Aldeia Fomentu II, Imaculado da Concei\u00e7\u00e3o Doutel Perreira esplika katak komunidade soe foer ba mota Comoro tanba fatin soe lixu seidauk iha. Foin dadaun Xefe Aldeia sira enkontru iha Suco ona hodi haree posibilidade atu konstroe fatin soe foer iha kada aldeia.<\/p>\n<p>\u201cAmi\u00a0 iha ne\u2019e fatin lixu seidauk iha ka sedauk estabelese fatin hodi ami ho komunidade sira bele tau foer iha fatin, s\u00f3 iha de&#8217;it besik eskola ne\u2019eb\u00e1 maka iha no komunidade barak ba soe foer iha ne&#8217;eb\u00e1. Iha ne\u2019e iha komunidade barak no joven sira m\u00f3s hakarak halo fatin lixu atu bele tau foer, maib\u00e9 tamba de&#8217;it fatin maka la iha atu halo lixu fatin\u00a0 hodi \u00a0tau fo&#8217;er, \u201c Imaculado esplika ba Neon Metin iha sira nia hela fatin, loron hirak liuba 30\/03.<\/p>\n<p>Xefe Aldeia ne\u2019e konta tuir katak sira foin halo enkontro iha Suku ho PNDS atu bele estabelese fatin lixu iha Suco Comoro Aldeia sanulu resin haat (14 ) no iha kada Aldeia atu bele estabelese fatin lixu\u00a0 tolu ka haat atu bele tau lixu. Tamba dadaun ne\u2019e sira hotu nia preokupasaun maka ambiente katak ita nia ambiente la f\u00f3 saud\u00e1vel ba ita tamba de&#8217;it fatin lixu la iha no ema balu la iha konsi\u00e9nsia hodi tau fo&#8217;er ba nia farin no soe fo&#8217;er arbiru de&#8217;it.<\/p>\n<p>\u201cIha fatin ida ne\u2019e ami hosi Aldeia\u00a0 Fomentu II kuaze komunidade barak maka ba soe de&#8217;it fo&#8217;er iha \u00e1rea mota Comoro ni-nin. Bainhira haree fatin lixu ida de&#8217;it ne\u2019e nakonu ona ka barak liu, sira balun ba soe iha mota ni-nin. Sira sempre hirus malu ho komunidade ne&#8217;eb\u00e9 hela iha mota ni-nin tamba de&#8217;it soe lixu besik liu iha sira nia uma sorin no sira ne\u2019eb\u00e9 soe fo&#8217;er ba mota laran sei ko&#8217;alia ba komunidade ne&#8217;eb\u00e9 hela iha mota ni-nin dehan ida ne\u2019e la&#8217;os imi nia hela fatin\u00a0 maib\u00e9 ida ne\u2019e mota laran, \u201c Xefe Aldeia Imaculado aumenta.<\/p>\n<p>Jornalista Neon Metin observa katak iha Aldeia Fomentu II estrada di&#8217;ak no kuaze ema emprez\u00e1riu barak mak hela iha ne&#8217;e. Ema emprez\u00e1riu sira ne\u2019e maka kria rasik sira nia fatin hodi tau lixu maib\u00e9\u00a0 komunidade sira ne\u2019e\u00a0 la iha.<\/p>\n<p>Nune\u2019e m\u00f3s iha Aldeia Fomentu II ida ne\u2019e komunidade barak maib\u00e9 fatin lixu maka rua ne\u2019e de&#8217;it. Komunidade sira tau de&#8217;it\u00a0 fo&#8217;er iha karon no balun maka tau iha karosa maib\u00e9 kuandu iha tempu udan dalaruma sira fakar fali ba valeta laran atu bee bele lori ba fatin seluk. Tamba hirak ne\u2019e hotu maka agora dadaun iha ona planu atu bele halo fatin lisu haat iha Aldeia Fomentu II\u00a0 hodi nune\u2019e redus tiha fo&#8217;er sira ne\u2019eb\u00e9 namkari iha fatin fatin.<\/p>\n<p>Membru komunidade Fomentu II, Manuela Soares da Silva Viegas expersa katak fatin lixu no distansia fatin lixu sai preokupasaun komunidade nian. Tanba ne\u2019e komunidade hili soe deit ba mota laran.<\/p>\n<p>\u201cAmi iha ne\u2019e kuaze ema hotu ba soe fo&#8217;er iha lixu fatin besik eskola nia oin tamba fatin ne\u2019eb\u00e1 maka besik liu ona ami no fatin ne\u2019e maka tau lixu fatin. Maib\u00e9 iha ema balun ne\u2019eb\u00e9 maka dok liu no sira ne\u2019eb\u00e9 maka hela besik mota ni-nin entaun sira ba soe de&#8217;it iha mota laran no iha tempu rai udan maka be lori hotu ba tasi nune\u2019e halo tasi no mota sai foer liu tan de&#8217;it, \u201c Manuela expresa.<\/p>\n<p>Membru Komunidade Fomentu II, Azio Soares hato\u2019o liafuan hanesan. Nia refere mos ba dalan hodi lori foer ba soe mos araska.<\/p>\n<p>\u201cAmi la ba soe iha fatin lixu ne\u2019eb\u00e9 dook liu, s\u00f3 ema balun de&#8217;it maka ba soe iha lixu fatin tamba sira iha gerobak, ami ne\u2019eb\u00e9 gerobak la iha ami la ba soe iha fatin dook\u00a0 tamba ami presija tempu barak hodi la&#8217;o atu soe de&#8217;it fo&#8217;er ne&#8217;e mak ami tenke soe de&#8217;it iha mota laran. Ami atu ba soe iha lixu fatin iha dalan boot mos susar tamba komunidade hela rabat malu liu, atu lori ita nia lixu iha karon no gerobak mos arask, ne&#8217;e mak ami mao soe de&#8217;it iha mota laran, tamba ami sai mai kotuk langsunng fakar de&#8217;it, \u201c Azio hatete.<\/p>\n<p>Azio mos dehan katak autoriedade lokal la hare sira tamba dehan ida ne\u2019e \u00e1rea mota laran ne\u2019eb\u00e9 autoridade la presija tau atensaun nune\u2019e ema barak iha ne\u2019e hotu-hotu mai fakar de&#8217;it fo&#8217;er iha mota laran. Maske iha lixu fatin ne\u2019eb\u00e9 maka estadu tau ona besik eskola prim\u00e1ria Fomentu II ne&#8217;eb\u00e1.<\/p>\n<p>Maski halo buat sira hotu komunidade sira hakarak fo&#8217;er sira ne\u2019e la ba tasi hodi halo ita nia ambiente fo&#8217;er liu tan. Sira mos hakarak ita moris tenke iha ambiente ne&#8217;eb\u00e9 m\u00f3s maib\u00e9 ita nia mota laran tenke m\u00f3s atu ema seluk hare\u00a0 ida ne\u2019e di&#8217;ak.<\/p>\n","protected":false},"excerpt":{"rendered":"<p>Reportajen Adroaldo &#8216;Saretukau&#8217; &amp; Lucas &#8216;Hagho&#8217; Mota kontinua sai fatin lixu ba komunidade ne\u2019ebe seidauk iha fatin lixu. Aldeia Fomentu II, iha Suco Comoro seidauk iha solusaun ba problema ne\u2019ebe sira hasoru dadaun hela. Komunidade kontinua soer foer ba mota. Mota sei lori foer sira tun ba halo foer tasi no fo impaktu liutan ba [&hellip;]<\/p>\n","protected":false},"author":3,"featured_media":1006,"comment_status":"open","ping_status":"open","sticky":false,"template":"","format":"standard","meta":{"om_disable_all_campaigns":false,"_monsterinsights_skip_tracking":false,"_monsterinsights_sitenote_active":false,"_monsterinsights_sitenote_note":"","_monsterinsights_sitenote_category":0,"amp_status":"","footnotes":""},"categories":[29,63],"tags":[],"class_list":["post-1005","post","type-post","status-publish","format-standard","has-post-thumbnail","hentry","category-meio-ambiente","category-notisia"],"aioseo_notices":[],"_links":{"self":[{"href":"https:\/\/neonmetin.info\/buletin\/wp-json\/wp\/v2\/posts\/1005","targetHints":{"allow":["GET"]}}],"collection":[{"href":"https:\/\/neonmetin.info\/buletin\/wp-json\/wp\/v2\/posts"}],"about":[{"href":"https:\/\/neonmetin.info\/buletin\/wp-json\/wp\/v2\/types\/post"}],"author":[{"embeddable":true,"href":"https:\/\/neonmetin.info\/buletin\/wp-json\/wp\/v2\/users\/3"}],"replies":[{"embeddable":true,"href":"https:\/\/neonmetin.info\/buletin\/wp-json\/wp\/v2\/comments?post=1005"}],"version-history":[{"count":1,"href":"https:\/\/neonmetin.info\/buletin\/wp-json\/wp\/v2\/posts\/1005\/revisions"}],"predecessor-version":[{"id":1007,"href":"https:\/\/neonmetin.info\/buletin\/wp-json\/wp\/v2\/posts\/1005\/revisions\/1007"}],"wp:featuredmedia":[{"embeddable":true,"href":"https:\/\/neonmetin.info\/buletin\/wp-json\/wp\/v2\/media\/1006"}],"wp:attachment":[{"href":"https:\/\/neonmetin.info\/buletin\/wp-json\/wp\/v2\/media?parent=1005"}],"wp:term":[{"taxonomy":"category","embeddable":true,"href":"https:\/\/neonmetin.info\/buletin\/wp-json\/wp\/v2\/categories?post=1005"},{"taxonomy":"post_tag","embeddable":true,"href":"https:\/\/neonmetin.info\/buletin\/wp-json\/wp\/v2\/tags?post=1005"}],"curies":[{"name":"wp","href":"https:\/\/api.w.org\/{rel}","templated":true}]}}