{"id":10553,"date":"2021-12-03T23:08:32","date_gmt":"2021-12-03T14:08:32","guid":{"rendered":"https:\/\/neonmetin.info\/buletin\/?p=10553"},"modified":"2021-12-03T23:08:33","modified_gmt":"2021-12-03T14:08:33","slug":"prezidente-ki-husu-media-sira-foka-mos-atividade-agrikultura-no-setor-informal-tanba-importante","status":"publish","type":"post","link":"https:\/\/neonmetin.info\/buletin\/2021\/12\/03\/prezidente-ki-husu-media-sira-foka-mos-atividade-agrikultura-no-setor-informal-tanba-importante\/","title":{"rendered":"Prezidente KI Husu Media Sira Foka mos Atividade Agrikultura no Set\u00f3r Informal Tanba Importante"},"content":{"rendered":"\n<p><strong><em>Reportajen Santina Lucia da Costa<\/em><\/strong><\/p>\n\n\n\n<p>Prezidente Konsellu Imprensa Timor-Leste (KI), Virg\u00edlio da Silva Guterres enkoraja media sira atu tau m\u00f3s korrespondente ka kolaborad\u00f3r ruma iha Munis\u00edpiu, no f\u00f3 kobertura ne\u2019eb\u00e9 labele pol\u00edtiku de\u2019it, tenke kona-ba atividade agrikultura povu ninian.<\/p>\n\n\n\n<p>Hafoin lansamentu Relat\u00f3riu peskiza kona-ba serbisu set\u00f3r informal iha Timor-Leste, ne\u2019ebe organiza husi Oxfam iha Timor-Leste no Mata Dalan Institutu, &nbsp;Prezidente Konsellu Imprensa (KI), Virg\u00edlio da Silva Guterres hateten papel media nia kobertura ba set\u00f3r agrikultura no set\u00f3r informal importante, media tenke sai espasu atu lian sira ne\u2019e bele to\u2019o ba iha ukun na\u2019in sira.<\/p>\n\n\n\n<p><em>\u201cPapel media nia kobertura ba set\u00f3r agrikultura no set\u00f3r informal, hau hanoin importante, se ita haree tema ne\u2019e haforsa lian husi lian oioin, entaun media ne\u2019e maka tenke sai espasu atu lian sira ne\u2019e bele to\u2019o ba iha ukun na\u2019in sira.\u201d<\/em> Dehan Prezidente KI, Virgilio da Silva Guterres iha Salaun JL-Villa, Aimutin, 3\/12.<\/p>\n\n\n\n<p>Prezidente KI hatutan media bele sai hanesan ponte komunikasaun entre agrikult\u00f3r sira, inan feton sira ne\u2019eb\u00e9 iha area rural, atu hato\u2019o sira nia preokupasaun kona-ba dezenvolvimentu ba sira nia area ba governante sira, no m\u00f3s media bele sai kan\u00e1l komunikasaun husi governante sira ba ita nia agrikult\u00f3r &nbsp;sira.<\/p>\n\n\n\n<p>Virgilio realsa, koalia kona-ba agrikultura buat boot ne\u2019eb\u00e9 agora mundu enfrenta mak mudansa klimat\u00edka ne\u2019eb\u00e9 f\u00f3 impaktu ba ita-nia agrikultor sira atu prepara sira nia fini, prepara sira nia rai agrikultura hodi sira kuda, tenke hatene informasaun bainhira mak udan monu rai, no impaktu La-ni\u00f1a ne\u2019e iha, entaun ne\u2019e media ninia kontribuisaun tenke maka\u2019as iha ne\u2019eba, ninia pap\u00e9l importante tebes.<\/p>\n\n\n\n<p>Nia akresenta durante ne\u2019e media nia kobertura ba set\u00f3r agrikultura no set\u00f3r informal ne\u2019e nia persentajen ki\u2019ik liu, fat\u00f3r ida tanba media hotu ne\u2019e konsentra liu iha Dili, maib\u00e9 Dili la\u2019os fatin agrikultura nian, kobertura media iha jornal, televizaun sira la dun haree kobertura kona-ba atividade ekon\u00f3mika.<\/p>\n\n\n\n<p><em>\u201cHau hanoin persentajen ne\u2019e ki\u2019ik liu, ne\u2019e fat\u00f3r ida tanba media hotu-hotu ne\u2019e konsentra liu iha Dili, Dili ne\u2019e la\u2019os fatin agrikultura nian, ita nia agrikultura ne\u2019e iha hoho hotu, entaun ita haree katak, ita ladun hatene informasaun oinsa ita nia agrikult\u00f3r sira prepara sira nia fini, agrikultura feto sira no grupu ladun iha.\u201d<\/em> haktuir Prezidente KI.<\/p>\n\n\n\n<p>Nia dehan lansamentu ne\u2019eb\u00e9 Oxfam halo no estudu ne\u2019eb\u00e9 Matadalan Institute (MDI) halo ne\u2019e importante tebes, liuliu atu media sira m\u00f3s hatene sira nia pap\u00e9l ne\u2019e iha ne\u2019eb\u00e9.<\/p>\n\n\n\n<p>&nbsp;Prezidente KI enkoraja media sira atu tau m\u00f3s sira nia korrespondente, sira nia kolaborad\u00f3r ruma iha munisipiu no f\u00f3 kobertura ne\u2019eb\u00e9 labele pol\u00edtiku de\u2019it, tenke foka mos kona-ba atividade agrikultura ita nian povu ninian, tanba persentajen populasaun barak sei moris depende ba produtu agr\u00edkola.<\/p>\n","protected":false},"excerpt":{"rendered":"<p>Reportajen Santina Lucia da Costa Prezidente Konsellu Imprensa Timor-Leste (KI), Virg\u00edlio da Silva Guterres enkoraja media sira atu tau m\u00f3s korrespondente ka kolaborad\u00f3r ruma iha Munis\u00edpiu, no f\u00f3 kobertura ne\u2019eb\u00e9 labele pol\u00edtiku de\u2019it, tenke kona-ba atividade agrikultura povu ninian. Hafoin lansamentu Relat\u00f3riu peskiza kona-ba serbisu set\u00f3r informal iha Timor-Leste, ne\u2019ebe organiza husi Oxfam iha Timor-Leste [&hellip;]<\/p>\n","protected":false},"author":2,"featured_media":10554,"comment_status":"open","ping_status":"open","sticky":false,"template":"","format":"standard","meta":{"om_disable_all_campaigns":false,"_monsterinsights_skip_tracking":false,"_monsterinsights_sitenote_active":false,"_monsterinsights_sitenote_note":"","_monsterinsights_sitenote_category":0,"amp_status":"","footnotes":""},"categories":[63],"tags":[],"class_list":["post-10553","post","type-post","status-publish","format-standard","has-post-thumbnail","hentry","category-notisia"],"aioseo_notices":[],"_links":{"self":[{"href":"https:\/\/neonmetin.info\/buletin\/wp-json\/wp\/v2\/posts\/10553","targetHints":{"allow":["GET"]}}],"collection":[{"href":"https:\/\/neonmetin.info\/buletin\/wp-json\/wp\/v2\/posts"}],"about":[{"href":"https:\/\/neonmetin.info\/buletin\/wp-json\/wp\/v2\/types\/post"}],"author":[{"embeddable":true,"href":"https:\/\/neonmetin.info\/buletin\/wp-json\/wp\/v2\/users\/2"}],"replies":[{"embeddable":true,"href":"https:\/\/neonmetin.info\/buletin\/wp-json\/wp\/v2\/comments?post=10553"}],"version-history":[{"count":1,"href":"https:\/\/neonmetin.info\/buletin\/wp-json\/wp\/v2\/posts\/10553\/revisions"}],"predecessor-version":[{"id":10555,"href":"https:\/\/neonmetin.info\/buletin\/wp-json\/wp\/v2\/posts\/10553\/revisions\/10555"}],"wp:featuredmedia":[{"embeddable":true,"href":"https:\/\/neonmetin.info\/buletin\/wp-json\/wp\/v2\/media\/10554"}],"wp:attachment":[{"href":"https:\/\/neonmetin.info\/buletin\/wp-json\/wp\/v2\/media?parent=10553"}],"wp:term":[{"taxonomy":"category","embeddable":true,"href":"https:\/\/neonmetin.info\/buletin\/wp-json\/wp\/v2\/categories?post=10553"},{"taxonomy":"post_tag","embeddable":true,"href":"https:\/\/neonmetin.info\/buletin\/wp-json\/wp\/v2\/tags?post=10553"}],"curies":[{"name":"wp","href":"https:\/\/api.w.org\/{rel}","templated":true}]}}