{"id":10769,"date":"2021-12-14T23:21:00","date_gmt":"2021-12-14T14:21:00","guid":{"rendered":"https:\/\/neonmetin.info\/buletin\/?p=10769"},"modified":"2021-12-14T23:21:04","modified_gmt":"2021-12-14T14:21:04","slug":"uct-fo-posse-ba-konsellu-universitariu-hamutuk-nain-31-inklui-dr-jose-ramos-horta","status":"publish","type":"post","link":"https:\/\/neonmetin.info\/buletin\/2021\/12\/14\/uct-fo-posse-ba-konsellu-universitariu-hamutuk-nain-31-inklui-dr-jose-ramos-horta\/","title":{"rendered":"UCT Fo Posse Ba Konsellu Universitariu Hamutuk nain 31, Inklui Dr. Jose Ramos Horta"},"content":{"rendered":"\n<p><strong><em>Reportajen Silvino Pereira <\/em><\/strong><\/p>\n\n\n\n<p>Universidade Katolika Timorense (UCT), Joao Paulo II fo tomada de posse ba Konsellu Universit\u00e1riu hamutuk nain 31.<\/p>\n\n\n\n<p>Reit\u00f3r UCT, Padre Joel Casimiro Pinto hateten Konsellu universit\u00e1riu ne&#8217;e hanesan asembleia ida ho nia funsaun atu halo aprovasaun ba programa ezekutivu nian.<\/p>\n\n\n\n<p><em>&#8220;Reit\u00f3r sei la halo aprovasaun no foti desizaun peso\u00e1l ba nia programa no atividade, ida ne&#8217;e sai hanesan asembleia ida iha konsellu ne&#8217;e, atu bainhira foti desizaun ruma, sei rona hotu sira nia ideia kritika no sujestaun<\/em>&#8221; dehan Reit\u00f3r UCT, Padre Joel Casimiro Pinto hafoin serim\u00f3nia tomada de posse, iha Salaun Nobel da Paz UCT Balide, 14\/12.<\/p>\n\n\n\n<p>Nia hatutan eventu ida ne&#8217;e hanesan momentu ist\u00f3riku ida estabelesimentu konsellu universitariu, &nbsp;katak UCT hahu halao ona ninia atividade akademiku.<\/p>\n\n\n\n<p><em>&#8220;horseik Konsellu Ezekutivu sira Reitor, Vise-Reitor Pro-Reitor, kapelaun no administrasaun jeral hahu ona reuniaun ofisial, ohin konfirma liu husi konsellu universitariu ne&#8217;e fo hatene ona katak UCT\u00a0 hahu ona ninia moris no atividade hahu ona ohin&#8221; <\/em>nia dehan.<\/p>\n\n\n\n<p>Iha fatin hanesan Arsebispu Arkidioseze Metropolitana Dili, Dom Virgilio do Carmo da Silva hateten iha loron 8 halo ona lansamentu ba universidade no mos halo ona nomeasaun ba Reit\u00f3r no nia ekipa.<\/p>\n\n\n\n<p><em>&#8220;Durante loron hirak liu ba ne&#8217;e ekipa hirak ne&#8217;e halo servisu makaas, ohin ami halo tomada de posse kompletu katak hahu husi reit\u00f3r, dekanu no konsellu universidade nian&#8221;<\/em> Dehan Dom Virgilio ba Jornalista sira hafoin halo tomada de posse \u00a0iha salaun Nobel da Paz UCT Balide.<\/p>\n\n\n\n<p>Tuir Dom Virgilio hateten katak iha serim\u00f3nia tomada de posse ne&#8217;e ba grupu 2 mak hanesan Reitor, vise-reit\u00f3r, dekanu ho estrutura tomak no seluk fali mak nai-ulun, ex-titular, pol\u00edtiku ho mos emprez\u00e1riu balun atu sai hanesan konselleiru universidade nian.<\/p>\n","protected":false},"excerpt":{"rendered":"<p>Reportajen Silvino Pereira Universidade Katolika Timorense (UCT), Joao Paulo II fo tomada de posse ba Konsellu Universit\u00e1riu hamutuk nain 31. Reit\u00f3r UCT, Padre Joel Casimiro Pinto hateten Konsellu universit\u00e1riu ne&#8217;e hanesan asembleia ida ho nia funsaun atu halo aprovasaun ba programa ezekutivu nian. &#8220;Reit\u00f3r sei la halo aprovasaun no foti desizaun peso\u00e1l ba nia programa [&hellip;]<\/p>\n","protected":false},"author":2,"featured_media":10770,"comment_status":"open","ping_status":"open","sticky":false,"template":"","format":"standard","meta":{"om_disable_all_campaigns":false,"_monsterinsights_skip_tracking":false,"_monsterinsights_sitenote_active":false,"_monsterinsights_sitenote_note":"","_monsterinsights_sitenote_category":0,"amp_status":"","footnotes":""},"categories":[61],"tags":[],"class_list":["post-10769","post","type-post","status-publish","format-standard","has-post-thumbnail","hentry","category-edutek"],"aioseo_notices":[],"_links":{"self":[{"href":"https:\/\/neonmetin.info\/buletin\/wp-json\/wp\/v2\/posts\/10769","targetHints":{"allow":["GET"]}}],"collection":[{"href":"https:\/\/neonmetin.info\/buletin\/wp-json\/wp\/v2\/posts"}],"about":[{"href":"https:\/\/neonmetin.info\/buletin\/wp-json\/wp\/v2\/types\/post"}],"author":[{"embeddable":true,"href":"https:\/\/neonmetin.info\/buletin\/wp-json\/wp\/v2\/users\/2"}],"replies":[{"embeddable":true,"href":"https:\/\/neonmetin.info\/buletin\/wp-json\/wp\/v2\/comments?post=10769"}],"version-history":[{"count":1,"href":"https:\/\/neonmetin.info\/buletin\/wp-json\/wp\/v2\/posts\/10769\/revisions"}],"predecessor-version":[{"id":10771,"href":"https:\/\/neonmetin.info\/buletin\/wp-json\/wp\/v2\/posts\/10769\/revisions\/10771"}],"wp:featuredmedia":[{"embeddable":true,"href":"https:\/\/neonmetin.info\/buletin\/wp-json\/wp\/v2\/media\/10770"}],"wp:attachment":[{"href":"https:\/\/neonmetin.info\/buletin\/wp-json\/wp\/v2\/media?parent=10769"}],"wp:term":[{"taxonomy":"category","embeddable":true,"href":"https:\/\/neonmetin.info\/buletin\/wp-json\/wp\/v2\/categories?post=10769"},{"taxonomy":"post_tag","embeddable":true,"href":"https:\/\/neonmetin.info\/buletin\/wp-json\/wp\/v2\/tags?post=10769"}],"curies":[{"name":"wp","href":"https:\/\/api.w.org\/{rel}","templated":true}]}}