{"id":12055,"date":"2022-03-13T23:52:22","date_gmt":"2022-03-13T14:52:22","guid":{"rendered":"https:\/\/neonmetin.info\/buletin\/?p=12055"},"modified":"2022-03-13T23:52:26","modified_gmt":"2022-03-13T14:52:26","slug":"komunidade-ilimanu-hakarak-fo-votu-ba-kandidatu-neebe-la-halo-povu-sai-vitima-ba-poder-politiku","status":"publish","type":"post","link":"https:\/\/neonmetin.info\/buletin\/2022\/03\/13\/komunidade-ilimanu-hakarak-fo-votu-ba-kandidatu-neebe-la-halo-povu-sai-vitima-ba-poder-politiku\/","title":{"rendered":"Komunidade Ilimanu Hakarak F\u00f3 Votu Ba Kandidatu Ne\u2019ebe La Halo Povu Sai V\u00edtima Ba Pod\u00e9r Pol\u00edtiku"},"content":{"rendered":"\n<p><strong><em>Reportajen David da Costa Gusmao<\/em><\/strong><\/p>\n\n\n\n<p>Kandidatu Prezidente da Republika (PR) Virgilio da Silva Guterres &#8220;Lamukan&#8221;, \u00a0nia kampa\u00f1a dialogu ba dala-11 iha suku uma kaduak-Ilmanu (Weua-Marmer) postu Lakloo, munisipiu Manatuto.<\/p>\n\n\n\n<p>Iha dialogu ne\u2019e komunidade Ilimanu, Zacarias dos Santos hateten atu labele sai vitima beibeik ba poder politiku no dezenvolvimentu , mai vota ba kandidatu Prezidente Republika Virg\u00edlio da Silva Guterres n\u00fameru sorteiu 12.<\/p>\n\n\n\n<p><em>\u201cIta labele sai vitima \u00a0beibeik ba \u00a0poder politiku, no dezenvolvimentu ne&#8217;ebe akontese ona ba ami Manuleu. Diak liu mak ne&#8217;e, ita ba vota ba numeru 12. Tanba numeru 12 ne&#8217;e, \u00a0numeru ida ne&#8217;eb\u00e9 uniku duni,\u201d<\/em> dehan Zacarias dos Santos, bainhira halo kampa\u00ed\u00f1a \u00a0dialogu ho kandidatu PR &#8220;Lamukan&#8221; iha Suku uma kaduak-Ilimanu, Domingu 13\/03.<\/p>\n\n\n\n<p>Nia dehan karik povu f\u00f3 fiar duni, atu sai duni mata dalan ba povu no nasaun Timor-Leste nian. Liuliu povu ne&#8217;ebe mak iha kraik, hit an netik mai no vizita netik povu kiik sira hanesan agora daudauk &nbsp;mai konsentra iha fatin ida hanesan ne&#8217;e.<\/p>\n\n\n\n<p><em>&#8220;Maibe Karik povu mak la f\u00f3 fiar ba ita boot, no la tuir iha Prezidente m\u00f3s, \u00a0tau matan netik ba ami,&#8221;<\/em> tenik nia.<\/p>\n\n\n\n<p>Nune nia rekomenda ba kandidatura Prezidente da Republika Virg\u00edlio Guterres &nbsp;karik povu maioria maka f\u00f3 apoiu hodi ba tuur iha Pal\u00e1siu Aitrak laran keta haluha povu kiik sira.<\/p>\n\n\n\n<p><em>&#8220;Ami povu kiik, ne&#8217;eb\u00e9 maka durante ne&#8217;e sente triste hela iha nakukun laran no ameasa nia laran, keta halua ami, \u00a0Karik ami hakat ba dere odamatan loke netik odamatan\u00a0 ba ami,&#8221;<\/em> haktuir nia.<\/p>\n\n\n\n<p>Kandidatu Prezidente Rep\u00fablika, Virg\u00edlio da Silva Guterres &#8220;Lamukan&#8221;, dehan kualk\u00e9r dezenvolvimentu projeitu ne&#8217;eb\u00e9 halo, atu harii projetu ruma labele halo povu no komunidade sai vitima ba dezenvolvimentu. Se iha nesesidade duni, tanba planu atu harii duni iha fatin ruma populasaun iha ba, labele lori milit\u00e1r no veteranu ba ameasa, maibe koalia ho povu atu nune&#8217;e bele hetan solusaun.<\/p>\n\n\n\n<p>Nune&#8217;e hanesan Prezidente Republika odamatan nakloke ba povu se deit mak hakarak atu hasoru, tanba iha protokolu hodi halo apontamentu, tenke hatama pedidu, atu nune&#8217;e bele halo kalendaliria katak loron hanesan ne&#8217;e povu atu hasoru, ba ida ne&#8217;e odamatan PR nakloke.<\/p>\n\n\n\n<p><em>&#8220;Atu sai Prezidente ka la sai Prezidente hau maka ne&#8217;e, no koalia nafatin hanesan hau koalia, kritika nafatin hanesan hau kritika ukun nain. Prezidente tenke hakuak ema hotu, hau fiar no haksolok tanba aldeia Ilimanu prontu atu fo apoiu ba hau. Sai prezidente ka la sai Prezidente iha loron 19 mak ita hatene. Labele haluha salva imi nia votus ba ema ne&#8217;ebe imi hatene no imi fiar, no Balun mai \u00a0fo osan imi simu deit, maibe f\u00f3 imi nia votus ba numeru 12, tanba vota ba numeru 12 vota ba unidade no faternidade,&#8221;<\/em> nia fo hanoin<\/p>\n","protected":false},"excerpt":{"rendered":"<p>Reportajen David da Costa Gusmao Kandidatu Prezidente da Republika (PR) Virgilio da Silva Guterres &#8220;Lamukan&#8221;, \u00a0nia kampa\u00f1a dialogu ba dala-11 iha suku uma kaduak-Ilmanu (Weua-Marmer) postu Lakloo, munisipiu Manatuto. Iha dialogu ne\u2019e komunidade Ilimanu, Zacarias dos Santos hateten atu labele sai vitima beibeik ba poder politiku no dezenvolvimentu , mai vota ba kandidatu Prezidente Republika [&hellip;]<\/p>\n","protected":false},"author":2,"featured_media":12056,"comment_status":"open","ping_status":"open","sticky":false,"template":"","format":"standard","meta":{"om_disable_all_campaigns":false,"_monsterinsights_skip_tracking":false,"_monsterinsights_sitenote_active":false,"_monsterinsights_sitenote_note":"","_monsterinsights_sitenote_category":0,"amp_status":"","footnotes":""},"categories":[63],"tags":[],"class_list":["post-12055","post","type-post","status-publish","format-standard","has-post-thumbnail","hentry","category-notisia"],"aioseo_notices":[],"_links":{"self":[{"href":"https:\/\/neonmetin.info\/buletin\/wp-json\/wp\/v2\/posts\/12055","targetHints":{"allow":["GET"]}}],"collection":[{"href":"https:\/\/neonmetin.info\/buletin\/wp-json\/wp\/v2\/posts"}],"about":[{"href":"https:\/\/neonmetin.info\/buletin\/wp-json\/wp\/v2\/types\/post"}],"author":[{"embeddable":true,"href":"https:\/\/neonmetin.info\/buletin\/wp-json\/wp\/v2\/users\/2"}],"replies":[{"embeddable":true,"href":"https:\/\/neonmetin.info\/buletin\/wp-json\/wp\/v2\/comments?post=12055"}],"version-history":[{"count":1,"href":"https:\/\/neonmetin.info\/buletin\/wp-json\/wp\/v2\/posts\/12055\/revisions"}],"predecessor-version":[{"id":12057,"href":"https:\/\/neonmetin.info\/buletin\/wp-json\/wp\/v2\/posts\/12055\/revisions\/12057"}],"wp:featuredmedia":[{"embeddable":true,"href":"https:\/\/neonmetin.info\/buletin\/wp-json\/wp\/v2\/media\/12056"}],"wp:attachment":[{"href":"https:\/\/neonmetin.info\/buletin\/wp-json\/wp\/v2\/media?parent=12055"}],"wp:term":[{"taxonomy":"category","embeddable":true,"href":"https:\/\/neonmetin.info\/buletin\/wp-json\/wp\/v2\/categories?post=12055"},{"taxonomy":"post_tag","embeddable":true,"href":"https:\/\/neonmetin.info\/buletin\/wp-json\/wp\/v2\/tags?post=12055"}],"curies":[{"name":"wp","href":"https:\/\/api.w.org\/{rel}","templated":true}]}}