{"id":12270,"date":"2022-03-24T18:36:17","date_gmt":"2022-03-24T09:36:17","guid":{"rendered":"https:\/\/neonmetin.info\/buletin\/?p=12270"},"modified":"2022-03-24T18:36:19","modified_gmt":"2022-03-24T09:36:19","slug":"lu-olo-apresia-pntl-nia-serbisu-hahu-husi-kampana-politiku-too-eleisaun-lao-diak","status":"publish","type":"post","link":"https:\/\/neonmetin.info\/buletin\/2022\/03\/24\/lu-olo-apresia-pntl-nia-serbisu-hahu-husi-kampana-politiku-too-eleisaun-lao-diak\/","title":{"rendered":"L\u00fa Olo Apresia PNTL nia Serbisu Hah\u00fa Husi Kampa\u00f1a Pol\u00edtiku To\u2019o Eleisaun La\u2019o Di\u2019ak"},"content":{"rendered":"\n<p><strong><em>Reportajen Santina Lucia da Costa <\/em><\/strong><\/p>\n\n\n\n<p>Prezidente Rep\u00fablika, Dr. Francisco Guterres L\u00fa Olo apresia Polisia Nasion\u00e1l Timor-Leste (PNTL) nia serbisu durante kampa\u00ed\u00f1a to\u2019o eleisaun Prezidensi\u00e1l, ne\u2019eb\u00e9 monu iha loron 19 Marsu tinan ida ne\u2019e la\u2019o di\u2019ak.<\/p>\n\n\n\n<p>Hafoin enkontru, Komandante Jeral PNTL, Komisariu Faustino da Costa, hateten, aprejenta situasaun seman\u00e1l ninian ba Prezidente Rep\u00fablika, aproveita atu aprejenta saida mak PNTL halo hah\u00fa iha loron 1 to\u2019o mai iha 22 Marsu katak situasaun jer\u00e1l iha territ\u00f3riu nasion\u00e1l la&#8217;o di&#8217;ak.<\/p>\n\n\n\n<p><em>\u201cMensajen Prezidente Republika hato&#8217;o ba ami katak, apresia ba PNTL tomak nia serbisu ne&#8217;eb\u00e9 hah\u00fa kampa\u00f1a to\u2019o 19 Marsu no ohin loron la&#8217;o hela, Xefe Estadu husu nafatin atu mantein servisu ida ne&#8217;e, situasaun sira ne&#8217;eb\u00e9 kontra lei kontinua atentu prosesu.\u201d <\/em>Haktuir, Komisariu Faustino da Costa ba jornalista sira iha Palasiu Prezidensial Nicolau Lobato, Bairu-Pite, 24\/3.<\/p>\n\n\n\n<p>Nune\u2019e m\u00f3s &nbsp;Komisariu Faustino da Costa atualiza m\u00f3s saida mak PNTL sei halo ba iha eleisaun Prezidensial segundu volta.<\/p>\n\n\n\n<p><em>\u201cHa&#8217;u hanoin PNTL atu halo nusa m\u00f3s PNTL preparadu duni atu hala&#8217;o seguransa ba iha eleisaun prezidensi\u00e1l ba segundu ronde ninian.\u201d <\/em>Dehan, Faustino da Costa.<\/p>\n\n\n\n<p>Faustino Informa, Eleisaun primeiru too agora PNTL rejista kazu krime eleitoral iha Dili de&#8217;it ita rejista kazu krime eleitor\u00e1l ne&#8217;e hamutuk 20 resin, maib\u00e9 ba niv\u00e9l nasion\u00e1l ne&#8217;e konta&nbsp; sira ne&#8217;eb\u00e9 akontese munis\u00edpiu sira hotu ne&#8217;e kazu lubuk ida hah\u00fa kampa\u00f1a nian depois eleisaun ninian.<\/p>\n\n\n\n<p>Komandante Jeral PNTL, hatutan, parte aviasaun ka buat ida ne&#8217;eb\u00e9 ita dehan lori karreta, motor viajen sira ne&#8217;eb\u00e9 halo ne&#8217;e m\u00f3s rejulta husi loron 1 to\u2019o 22 Marsu de&#8217;it rejulta Timoroan na&#8217;in hitu (7) mak lakon vida ne&#8217;e buat ida ne&#8217;eb\u00e9 ita nafatin nota katak fat\u00f3r ema ida ne&#8217;e sei nafatin Kontribui teb-tebes hodi rejulta ema na&#8217;in 7 lakon vida iha fulan Marsu ne&#8217;e nia laran.<\/p>\n\n\n\n<p><em>\u201cHa&#8217;u hanoin kazu sira ne&#8217;e ita rejistu ba Minist\u00e9riu P\u00fabliku pol\u00edsia ne&#8217;e nu&#8217;udar\u00a0 aut\u00f3r no na&#8217;in loos ne&#8217;e ita nia Prokurad\u00f3r sira.\u201d <\/em>Tenik, Faustino.<\/p>\n\n\n\n<p>Nia realsa tan katak, kona-ba Fronteira maske ita foku ba atividade kampa\u00f1a eleisaun ninian, maib\u00e9 fronteira ita asegura nafatin halo promosaun entidade hotu ho fasilitasaun ne&#8217;eb\u00e9 husi Neg\u00f3siu Estranjeiru, ita nia konsul Kupang, depois organiza enkontru m\u00f3s ho autoridade seguransa Indon\u00e9zia nian ne&#8217;eb\u00e9 ida ne&#8217;e ita la&#8217;o nafatin no sei kontinua bainhira ita hakat ba segundu volta.<\/p>\n\n\n\n<p>Maib\u00e9 Komandante Jeral PNTL dehan, &nbsp;durante periodu loron 1 to\u2019o 22 Marsu, halo kapturasaun ema na&#8217;in tolu (3) ne&#8217;eb\u00e9 lori sas\u00e1n ilegal tama Timor.<\/p>\n","protected":false},"excerpt":{"rendered":"<p>Reportajen Santina Lucia da Costa Prezidente Rep\u00fablika, Dr. Francisco Guterres L\u00fa Olo apresia Polisia Nasion\u00e1l Timor-Leste (PNTL) nia serbisu durante kampa\u00ed\u00f1a to\u2019o eleisaun Prezidensi\u00e1l, ne\u2019eb\u00e9 monu iha loron 19 Marsu tinan ida ne\u2019e la\u2019o di\u2019ak. Hafoin enkontru, Komandante Jeral PNTL, Komisariu Faustino da Costa, hateten, aprejenta situasaun seman\u00e1l ninian ba Prezidente Rep\u00fablika, aproveita atu aprejenta [&hellip;]<\/p>\n","protected":false},"author":2,"featured_media":12271,"comment_status":"open","ping_status":"open","sticky":false,"template":"","format":"standard","meta":{"om_disable_all_campaigns":false,"_monsterinsights_skip_tracking":false,"_monsterinsights_sitenote_active":false,"_monsterinsights_sitenote_note":"","_monsterinsights_sitenote_category":0,"amp_status":"","footnotes":""},"categories":[63],"tags":[],"class_list":["post-12270","post","type-post","status-publish","format-standard","has-post-thumbnail","hentry","category-notisia"],"aioseo_notices":[],"_links":{"self":[{"href":"https:\/\/neonmetin.info\/buletin\/wp-json\/wp\/v2\/posts\/12270","targetHints":{"allow":["GET"]}}],"collection":[{"href":"https:\/\/neonmetin.info\/buletin\/wp-json\/wp\/v2\/posts"}],"about":[{"href":"https:\/\/neonmetin.info\/buletin\/wp-json\/wp\/v2\/types\/post"}],"author":[{"embeddable":true,"href":"https:\/\/neonmetin.info\/buletin\/wp-json\/wp\/v2\/users\/2"}],"replies":[{"embeddable":true,"href":"https:\/\/neonmetin.info\/buletin\/wp-json\/wp\/v2\/comments?post=12270"}],"version-history":[{"count":1,"href":"https:\/\/neonmetin.info\/buletin\/wp-json\/wp\/v2\/posts\/12270\/revisions"}],"predecessor-version":[{"id":12272,"href":"https:\/\/neonmetin.info\/buletin\/wp-json\/wp\/v2\/posts\/12270\/revisions\/12272"}],"wp:featuredmedia":[{"embeddable":true,"href":"https:\/\/neonmetin.info\/buletin\/wp-json\/wp\/v2\/media\/12271"}],"wp:attachment":[{"href":"https:\/\/neonmetin.info\/buletin\/wp-json\/wp\/v2\/media?parent=12270"}],"wp:term":[{"taxonomy":"category","embeddable":true,"href":"https:\/\/neonmetin.info\/buletin\/wp-json\/wp\/v2\/categories?post=12270"},{"taxonomy":"post_tag","embeddable":true,"href":"https:\/\/neonmetin.info\/buletin\/wp-json\/wp\/v2\/tags?post=12270"}],"curies":[{"name":"wp","href":"https:\/\/api.w.org\/{rel}","templated":true}]}}