{"id":15882,"date":"2023-05-04T23:53:11","date_gmt":"2023-05-04T14:53:11","guid":{"rendered":"https:\/\/neonmetin.info\/buletin\/?p=15882"},"modified":"2023-05-04T23:53:12","modified_gmt":"2023-05-04T14:53:12","slug":"seii-sei-informa-konaba-mudansa-loron-nasional-feto-no-ema-ho-defisiensia","status":"publish","type":"post","link":"https:\/\/neonmetin.info\/buletin\/2023\/05\/04\/seii-sei-informa-konaba-mudansa-loron-nasional-feto-no-ema-ho-defisiensia\/","title":{"rendered":"SEII Sei Informa Konaba Mudansa Loron Nasion\u00e1l Feto no Ema Ho Defisi\u00e9nsia"},"content":{"rendered":"\n<p><strong><em>Reportajen Joselina dos Santos<\/em><\/strong><\/p>\n\n\n\n<p>Sekretaria Estadu ba Igualdade no Inkluzaun (SEII), realiza Konfer\u00e9nsia Imprensa kona-ba Loron Nasion\u00e1l Feto Timor-Leste ne&#8217;ebe durante ne&#8217;e konsidera hanesan Loron Komemorativu, ne&#8217;ebe daudaun ne&#8217;e Prezidente Republika, Dr. J\u00f3se Ramos Horta&nbsp; promulga ona hanesan loron feriadu Nasion\u00e1l, no mos loron Ema ho Defisi\u00e9nsia hanesan loron komemorativu.<\/p>\n\n\n\n<p>Liuhosi Konfer\u00e9nsia Imprensa, Sekretaria Estadu ba Igualdade no Inkluzaun (SEII), Maria do Ros\u00e1rio F\u00e1tima Correia hatete, SEII hanesan \u00f3rgaun sentr\u00e1l Governu nian ne&#8217;eb\u00e9 ho pap\u00e9l atu implementa, koordena, ezekuta no avalia pol\u00edtika ba apoiu no promosaun igualdade no inkluzaun sosi\u00e1l, hodi halakon diskriminasaun no viol\u00e9nsia oioin hasoru feto, labarik-feto, no grupu risku sira, hakbiit feto iha set\u00f3r ekonomia no m\u00f3s hasa&#8217;e partisipasaun feto iha pol\u00edtika no foti-desizaun iha n\u00edvel hotu, tantu nasion\u00e1l, munisip\u00e1l &nbsp;no lok\u00e1l .<\/p>\n\n\n\n<p><em>&#8220;Ho papel hirak-ne&#8217;ebe atribui ba iha SEII, instituisaun ne&#8217;e konsege ona atinje buat balun iha Governu Konstitusion\u00e1l dawalu nian. Ohin Loraik ida-ne&#8217;e, Ita hasoru malu fali ho ha&#8217;u iha Konferensia Imprensa, ho Objetivu atu partilla kona-ba mudansa ba iha Loron Feriadu Nasion\u00e1l no Loron Komemorativa Ofisi\u00e1l Timor-Leste nian, liuliu ba iha Loron Nasion\u00e1l Feto Timor-Leste no Loron Ema ho Defisiensia ne&#8217;eb\u00e9 sei komemora kada tinan&#8221;, <\/em>dehan, Sekretaria\u00a0 SEII Maria do Ros\u00e1rio F\u00e1tima Correia, liuhosi Konf\u00e9nsia Imprensa iha Salaun SEII Kaikoli, kinta 04\/05.<\/p>\n\n\n\n<p>SEII halo Advokasia ho GMPTL no Komisaun F Parlamentu Nasion\u00e1l hodi enkaisa proposta rezolusaun rua mak hanesan, Loron 3 Fulan Novembru nu&#8217;udar loron Nasion\u00e1l Feto Komemorativa, hodi sai Loron Feriadu nasion\u00e1l hodi valoriza no f\u00f3 onra ba partisipasaun feto iha luta ba ukun rasik- an. Proposta Rezolusaun daruak mak atu konsidera loron 4 Fulan Jullu hanesan loron komemorativu ba Ema ho Defisiensia .<\/p>\n\n\n\n<p><em>&#8220;Razaun tanba Timor-Leste ratifika ona Konvensaun Ema ho Defisiensia liuhusi Rezolusaun Parlamentu Nasion\u00e1l N\u00fa. 29\/2022, loron 20 fulan Jullu. Liuhosi advokasia no esforsu ne&#8217;eb\u00e9 ita hotu halo, Parlamentu Nasion\u00e1l Aprova hodi halo alterasaun ba Lei N\u00fa. 10\/2005 ba iha Lei N\u00fa.10\/2023, Loron 5 Fulan Abril, iha artigu 2 kona-ba Feriadu Nasion\u00e1l iha alinea h), hodi konsidera ona Loron Nasion\u00e1l Feto (3 Novembru) ba iha Loron Feriadu Nasion\u00e1l ne&#8217;eb\u00e9 durante ne&#8217;e hanesan loron ofisi\u00e1l Komemorativa&#8221;, <\/em>nia informa.<\/p>\n\n\n\n<p>Governante ne&#8217;e hatutan, Parlamentu Nasion\u00e1l m\u00f3s aprova ona loron 4 Fulan Jullu hanesan loron Komemorativa ofisi\u00e1l ba iha Ema ho Defisiensia liuhusi Lei N\u00fa.10\/2023, Loron 5 Fulan Abril, iha artigu 5 Kona-ba Data Ofisi\u00e1l Komemorativa iha alinea b). Lei N\u00fa. 10\/2023, Loron 5 Fulan Abril promulga ona hosi Prezidente da Rep\u00fablika, Jos\u00e9 Ramos Horta iha loron 3 Fulan Abril 2023 no P\u00fablika ona iha Buletim Ofisi\u00e1l Jorn\u00e1l da Rep\u00fablika.<\/p>\n","protected":false},"excerpt":{"rendered":"<p>Reportajen Joselina dos Santos Sekretaria Estadu ba Igualdade no Inkluzaun (SEII), realiza Konfer\u00e9nsia Imprensa kona-ba Loron Nasion\u00e1l Feto Timor-Leste ne&#8217;ebe durante ne&#8217;e konsidera hanesan Loron Komemorativu, ne&#8217;ebe daudaun ne&#8217;e Prezidente Republika, Dr. J\u00f3se Ramos Horta&nbsp; promulga ona hanesan loron feriadu Nasion\u00e1l, no mos loron Ema ho Defisi\u00e9nsia hanesan loron komemorativu. Liuhosi Konfer\u00e9nsia Imprensa, Sekretaria Estadu [&hellip;]<\/p>\n","protected":false},"author":2,"featured_media":15883,"comment_status":"open","ping_status":"open","sticky":false,"template":"","format":"standard","meta":{"om_disable_all_campaigns":false,"_monsterinsights_skip_tracking":false,"_monsterinsights_sitenote_active":false,"_monsterinsights_sitenote_note":"","_monsterinsights_sitenote_category":0,"amp_status":"","footnotes":""},"categories":[63],"tags":[],"class_list":["post-15882","post","type-post","status-publish","format-standard","has-post-thumbnail","hentry","category-notisia"],"aioseo_notices":[],"_links":{"self":[{"href":"https:\/\/neonmetin.info\/buletin\/wp-json\/wp\/v2\/posts\/15882","targetHints":{"allow":["GET"]}}],"collection":[{"href":"https:\/\/neonmetin.info\/buletin\/wp-json\/wp\/v2\/posts"}],"about":[{"href":"https:\/\/neonmetin.info\/buletin\/wp-json\/wp\/v2\/types\/post"}],"author":[{"embeddable":true,"href":"https:\/\/neonmetin.info\/buletin\/wp-json\/wp\/v2\/users\/2"}],"replies":[{"embeddable":true,"href":"https:\/\/neonmetin.info\/buletin\/wp-json\/wp\/v2\/comments?post=15882"}],"version-history":[{"count":1,"href":"https:\/\/neonmetin.info\/buletin\/wp-json\/wp\/v2\/posts\/15882\/revisions"}],"predecessor-version":[{"id":15884,"href":"https:\/\/neonmetin.info\/buletin\/wp-json\/wp\/v2\/posts\/15882\/revisions\/15884"}],"wp:featuredmedia":[{"embeddable":true,"href":"https:\/\/neonmetin.info\/buletin\/wp-json\/wp\/v2\/media\/15883"}],"wp:attachment":[{"href":"https:\/\/neonmetin.info\/buletin\/wp-json\/wp\/v2\/media?parent=15882"}],"wp:term":[{"taxonomy":"category","embeddable":true,"href":"https:\/\/neonmetin.info\/buletin\/wp-json\/wp\/v2\/categories?post=15882"},{"taxonomy":"post_tag","embeddable":true,"href":"https:\/\/neonmetin.info\/buletin\/wp-json\/wp\/v2\/tags?post=15882"}],"curies":[{"name":"wp","href":"https:\/\/api.w.org\/{rel}","templated":true}]}}