{"id":15899,"date":"2023-05-06T20:40:26","date_gmt":"2023-05-06T11:40:26","guid":{"rendered":"https:\/\/neonmetin.info\/buletin\/?p=15899"},"modified":"2023-05-06T20:40:28","modified_gmt":"2023-05-06T11:40:28","slug":"fongtil-alerta-hadia-sistema-saude-tau-atensaun-ba-ospital-no-sentru-saude-hodi-atende-populasaun","status":"publish","type":"post","link":"https:\/\/neonmetin.info\/buletin\/2023\/05\/06\/fongtil-alerta-hadia-sistema-saude-tau-atensaun-ba-ospital-no-sentru-saude-hodi-atende-populasaun\/","title":{"rendered":"FONGTIL Alerta: Hadia Sistema Sa\u00fade, Tau Atensaun Ba Ospit\u00e1l no Sentru Sa\u00fade Hodi Atende Populasaun"},"content":{"rendered":"\n<p><strong><em>Reportajen Umbelina dos Reis<\/em><\/strong><\/p>\n\n\n\n<p>Forum Organizasaun Naun-Governamental\u00a0 Timor-Leste (FONGTIL) hamutuk ho Rede Ba Sa\u00fade iha Timor-Leste (REBASTL) halo selebrasaun da-huluk ba REBAS iha Timor-Leste nia ezist\u00e9nsia, no FONGTIL f\u00f3 apresia ba REBAS ne&#8217;eb\u00e9 f\u00f3 espasu no halo di\u00e1logu entre governu no aj\u00e9nsia internasional, no organizasaun sosiedade sivil no parseria iha Timor-Leste ho entidade hotu hodi hala&#8217;o knaar ba empoderamentu komunidade no kontrolu sosial.<\/p>\n\n\n\n<p>Diret\u00f3r Ezekutivu FONGTIL, Valentim Da Costa Pinto liu hosi nia diskursu hateten, iha tinan kotuk REBAS ho inisiativa servisu ho parseria entre ONG ho governu, ne&#8217;eb\u00e9 realiza estabelesimentu ba rede sa\u00fade Timor-Leste nian. Ohin selebrasaun dahuluk rede ba sa\u00fade iha Timor-Leste 2023 nian, ne&#8217;eb\u00e9 kontinua promove no haforsa partisipasaun p\u00fablika iha Timor-Leste.<\/p>\n\n\n\n<p><em>&#8220;FONGTIL kontinua f\u00f3 apresia ho inisiativa Rede ba Sa\u00fade iha Timor-Leste da-huluk nian, nu&#8217;udar espasu ida ke halo di\u00e1logu entre governu no aj\u00e9nsia internasional sira. FONGTIL kontinua eziste nu&#8217;udar pilares hosi organizasaun sosiedade s\u00edvil iha Timor-Leste konsiente katak servisu parseria entre entidade hodi hala&#8217;o knaar empoderamentu komunidade liu hosi servisu advokasia hodi ajuda parseria ho prosesu dezenvolvimentu pol\u00edtika iha p\u00fabliku i kontinua aut\u00f3r ba kontrolu sosial,&#8221;<\/em> hateten diret\u00f3r ezekutivu FONGTIL Valentim Da Costa liu hosi nia diskursu iha Ot\u00e9l Timor, 05\/05.<\/p>\n\n\n\n<p>FONGTIL kontinua hatudu pozisaun boot ba governu, hodi kontribui no halo mudansa ba servisu sa\u00fade, no iha momentu pandemia Covid-19 nian. <em>&#8220;Ita kontinua reko\u00f1ese katak sei iha dezafiu lubuk ne&#8217;eb\u00e9 ezize s\u00e9riu, no mellora espes\u00edfiku dezafiu ba mal-nutrisaun ne&#8217;eb\u00e9 kontinua eziste iha rai, nune&#8217;e ita kolabora no servisu hamutuk hodi mellora iha fasildade b\u00e1zika i Timor-Leste kontinua iha ameasas ba n\u00fameru mortalidade ba inan no bebe sira.&#8221;<\/em> Nia dehan.<\/p>\n\n\n\n<p>Nia hatutan, relasaun din\u00e1mika kontinua akontese iha ita nia rain liu-liu soe bebe, kombate Tuberkuloje,&nbsp; HIV-SIDA, oins\u00e1 hakbesik ba servisu sa\u00fade, kestaun ida ne&#8217;e oins\u00e1 mak define investimentu estrat\u00e9jiku hodi bele tau atensaun ba aspetu prevensaun, oins\u00e1 reforsa ba destakamentu rekursu sa\u00fade nian.<\/p>\n\n\n\n<p>Alein de ne&#8217;e nia m\u00f3s alerta, oins\u00e1 mak halo jestaun ba ekipamentu ai-moruk ne&#8217;eb\u00e9 p\u00fabliku kontinua kestiona, oins\u00e1 mak ita nia kl\u00ednika, ospital, sentru sa\u00fade kontinua iha ai-moruk hodi sustenta ba populasaun sira, nune&#8217;e rekomenda ba Ministru Sa\u00fade, oins\u00e1 mak bele kontinua servisu ba parte hotu-hotu.<\/p>\n\n\n\n<p>Nia konklui, FONGTIL kontinua f\u00f3 pose ba investimentu orsamentu jer\u00e1l estadu nian hodi konsidera ba set\u00f3r produtivu sira hanesan agrikultura, sa\u00fade, edukasaun. Nune&#8217;e ho opsaun osan ne&#8217;eb\u00e9 mak naton ho esforsu ba atinjimentu b\u00e1ziku no nasional i tuir objetivu dezenvolvimentu sustent\u00e1vel.<\/p>\n\n\n\n<p>Selebrasaun dahuluk ba Rede ba Sa\u00fade iha Timor-Leste ealiza tanba hetan apoiu hosi Estadus Unidus da Am\u00e9rika no liu hosi ajensia USAID, no hamutuk ho Minist\u00e9riu Sa\u00fade.<\/p>\n","protected":false},"excerpt":{"rendered":"<p>Reportajen Umbelina dos Reis Forum Organizasaun Naun-Governamental\u00a0 Timor-Leste (FONGTIL) hamutuk ho Rede Ba Sa\u00fade iha Timor-Leste (REBASTL) halo selebrasaun da-huluk ba REBAS iha Timor-Leste nia ezist\u00e9nsia, no FONGTIL f\u00f3 apresia ba REBAS ne&#8217;eb\u00e9 f\u00f3 espasu no halo di\u00e1logu entre governu no aj\u00e9nsia internasional, no organizasaun sosiedade sivil no parseria iha Timor-Leste ho entidade hotu hodi [&hellip;]<\/p>\n","protected":false},"author":2,"featured_media":15900,"comment_status":"open","ping_status":"open","sticky":false,"template":"","format":"standard","meta":{"om_disable_all_campaigns":false,"_monsterinsights_skip_tracking":false,"_monsterinsights_sitenote_active":false,"_monsterinsights_sitenote_note":"","_monsterinsights_sitenote_category":0,"amp_status":"","footnotes":""},"categories":[64],"tags":[],"class_list":["post-15899","post","type-post","status-publish","format-standard","has-post-thumbnail","hentry","category-saude"],"aioseo_notices":[],"_links":{"self":[{"href":"https:\/\/neonmetin.info\/buletin\/wp-json\/wp\/v2\/posts\/15899","targetHints":{"allow":["GET"]}}],"collection":[{"href":"https:\/\/neonmetin.info\/buletin\/wp-json\/wp\/v2\/posts"}],"about":[{"href":"https:\/\/neonmetin.info\/buletin\/wp-json\/wp\/v2\/types\/post"}],"author":[{"embeddable":true,"href":"https:\/\/neonmetin.info\/buletin\/wp-json\/wp\/v2\/users\/2"}],"replies":[{"embeddable":true,"href":"https:\/\/neonmetin.info\/buletin\/wp-json\/wp\/v2\/comments?post=15899"}],"version-history":[{"count":1,"href":"https:\/\/neonmetin.info\/buletin\/wp-json\/wp\/v2\/posts\/15899\/revisions"}],"predecessor-version":[{"id":15901,"href":"https:\/\/neonmetin.info\/buletin\/wp-json\/wp\/v2\/posts\/15899\/revisions\/15901"}],"wp:featuredmedia":[{"embeddable":true,"href":"https:\/\/neonmetin.info\/buletin\/wp-json\/wp\/v2\/media\/15900"}],"wp:attachment":[{"href":"https:\/\/neonmetin.info\/buletin\/wp-json\/wp\/v2\/media?parent=15899"}],"wp:term":[{"taxonomy":"category","embeddable":true,"href":"https:\/\/neonmetin.info\/buletin\/wp-json\/wp\/v2\/categories?post=15899"},{"taxonomy":"post_tag","embeddable":true,"href":"https:\/\/neonmetin.info\/buletin\/wp-json\/wp\/v2\/tags?post=15899"}],"curies":[{"name":"wp","href":"https:\/\/api.w.org\/{rel}","templated":true}]}}