{"id":16529,"date":"2023-06-28T22:40:18","date_gmt":"2023-06-28T13:40:18","guid":{"rendered":"https:\/\/neonmetin.info\/buletin\/?p=16529"},"modified":"2023-06-28T22:40:20","modified_gmt":"2023-06-28T13:40:20","slug":"horta-governu-alemana-konkorda-timoroan-uza-pasaporte-timor-ba-serbisu-iha-neeba","status":"publish","type":"post","link":"https:\/\/neonmetin.info\/buletin\/2023\/06\/28\/horta-governu-alemana-konkorda-timoroan-uza-pasaporte-timor-ba-serbisu-iha-neeba\/","title":{"rendered":"Horta: Governu Alema\u00f1a Konkorda Timoroan Uza Pasaporte Timor Ba Serbisu Iha Ne\u2019eba"},"content":{"rendered":"\n<p><strong><em>Reportajen David da Costa<\/em><\/strong><\/p>\n\n\n\n<p>Prezidente Rep\u00fablika (PR),Dr. Jos\u00e9 Ramos Horta, hateten nasaun Alema\u00f1a konkorda ona &nbsp;Timoroan uza pasaporte Timor-Leste hodi ba servisu iha Alema\u00f1a, maib\u00e9 tenke liu husi akordu formal entre Governu rua ne\u2019e.<\/p>\n\n\n\n<p><em>\u201cHa&#8217;u hah\u00fa kedas tinan kotuk liu ba ho deputadu Alema\u00f1a ne&#8217;eb\u00e9 mai vizita no hasoru ha&#8217;u iha fulan Outubru tinan 2022, ha&#8217;u hateten ba sira, ha&#8217;u hakarak haree programa espesi\u00e1l oin seluk ida, Alema\u00f1a ho Timor-Leste, ida maka atu simu traballad\u00f3r Timorense ho pasaporte Timorense, sira simu no konkorda. Tanba foin daudaun m\u00f3s sai ona lei ida iha Alema\u00f1a ne&#8217;eb\u00e1 permite duni laiha diskriminasaun rai ne&#8217;eb\u00e9 bele ba, ema ne&#8217;eb\u00e9 hakarak haruka traballad\u00f3r bele mais tenke liu husi kontratu kedas ho kompa\u00f1ia,&#8221;<\/em> Prezidente Rep\u00fablika Jos\u00e9 Ramos Horta ba jornalista sira hafoin fila husi nia vizita estadu Alema\u00f1a, iha Salaun VIP Aeroportu Internasion\u00e1l Nicol\u00e3o Lobato Komoro, Kuarta 28\/06.<\/p>\n\n\n\n<p>Nia haktuir, primeiru sei hetan lai akordu form\u00e1l ho Governu Alema\u00f1a tau Timor-Leste halo parte programa ne&#8217;eb\u00e9 haruka traballad\u00f3r, klaru ho pasaporte Timorense, la&#8217;\u00f3s pasaporte Portug\u00e9s, maib\u00e9 halo m\u00f3s formasaun t\u00e9kniku profesion\u00e1l la&#8217;\u00f3s de&#8217;it ba servisu depois laiha oportunidade atu aprende halo formasaun ne&#8217;eb\u00e9 profesion\u00e1l ba oin ne&#8217;e sira konkorda, sira hakarak duni ida ne&#8217;e.<\/p>\n\n\n\n<p>Ma\u00edb\u00e9 Xefe Estadu m\u00f3s husu ba sira atu tau matan, tulun eskola t\u00e9kniku profesion\u00e1l sira iha Timor-Leste atu akredita kurikulum eskola sira nian, hanesan Fatumaka no f\u00f3 ekipamentu no formasaun t\u00e9knika profesion\u00e1l ne&#8217;e sei hala\u2019o iha Timor no balun sei hala\u2019o m\u00f3s iha Alema\u00f1a, maib\u00e9 ne&#8217;e governu foun mai ho Ministru ka sekret\u00e1riu estadu mak depois ho ekipa ida primeiru hah\u00fa ko&#8217;alia ho Embaixada iha Jakarta sira sei mai iha Timor-Leste, depois mak delegasaun ba, no halo kontaktu m\u00f3s, Xefe Estadu rasik sei book an ho Kompa\u00f1ia f\u00e1brika sira ne&#8217;eb\u00e9 atu simu traballad\u00f3r. Tanba atu ba tenke iha kontratu ne&#8217;e lei ida husi Alema\u00f1a ne&#8217;eb\u00e9 foin sai bele loke dalan ba ida ne&#8217;e.<\/p>\n\n\n\n<p>Alende ne\u2019e, &nbsp;Xefe Estadu Dezloka vizita ofisi\u00e1l ida ba Alema\u00f1a feder\u00e1l hasoru ho Prezidente Feder\u00e1l, Primeiru Ministru Alema\u00f1a nian hodi ko\u2019alia asuntu&nbsp; importante ida maka kooperasaun bilater\u00e1l Alema\u00f1a ho Timor\u00ad-Leste, tanba tinan 20 liu ba Alema\u00f1a hanesan parseiru importante ida, sira m\u00f3s f\u00f3 tulun ba harii Timor nia set\u00f3r maritima, la&#8217;\u00f3s de&#8217;it oferese ro ahi Nakroma ne&#8217;e 100% sira nia oferta. Maib\u00e9 m\u00f3s halo formasaun ba ema sira iha set\u00f3r planeamentu administrasaun jestaun iha transporte maritima.<\/p>\n\n\n\n<p>Alende ida ne&#8217;e kooperasaun Alema\u00f1a m\u00f3s uluk riku ho agrikultura, liu-liu iha Natarbora no buat seluk tan ne&#8217;eb\u00e9 tinan sira nia laran ne&#8217;e governu husu, Xefe Estadu rasik husu momentu ne&#8217;eba, sira sempre buka ajuda hanesan dada bee ba komunidade sira ne&#8217;eb\u00e9 sosa. Maib\u00e9 programa bilater\u00e1l sira halo ne&#8217;e remata iha 2022 ne&#8217;e tuir sira nia planu kleur tiha ona, kooperasaun bilater\u00e1l Timor-Leste tinan 20 ba set\u00f3r ida ne&#8217;e.<\/p>\n\n\n\n<p>Tanba, sira halo avaliasaun estrat\u00e9jia priorit\u00e1ria ba Alema\u00f1a ne&#8217;e inklui atu tau konsentrasaun bilater\u00e1l ba iha ne&#8217;eb\u00e9, tanba problema bo&#8217;ot liu mak iha kontinente afrikanu, sira iha Europa sira mak li\u00f1a frente simu refujiadu rihun atus ba atus mai husi \u00c1frika no rai sira seluk, entaun sira deside konsentra liu ba programa agro do norte. Timor-Leste sira kontinua apoia, maib\u00e9 liu husi Uniaun Europeia ho ajensia ONU sira la para, maib\u00e9 la halo ona kooperasaun bilater\u00e1l direitamente governu ho governu.<\/p>\n","protected":false},"excerpt":{"rendered":"<p>Reportajen David da Costa Prezidente Rep\u00fablika (PR),Dr. Jos\u00e9 Ramos Horta, hateten nasaun Alema\u00f1a konkorda ona &nbsp;Timoroan uza pasaporte Timor-Leste hodi ba servisu iha Alema\u00f1a, maib\u00e9 tenke liu husi akordu formal entre Governu rua ne\u2019e. \u201cHa&#8217;u hah\u00fa kedas tinan kotuk liu ba ho deputadu Alema\u00f1a ne&#8217;eb\u00e9 mai vizita no hasoru ha&#8217;u iha fulan Outubru tinan 2022, [&hellip;]<\/p>\n","protected":false},"author":2,"featured_media":16530,"comment_status":"open","ping_status":"open","sticky":false,"template":"","format":"standard","meta":{"om_disable_all_campaigns":false,"_monsterinsights_skip_tracking":false,"_monsterinsights_sitenote_active":false,"_monsterinsights_sitenote_note":"","_monsterinsights_sitenote_category":0,"amp_status":"","footnotes":""},"categories":[63],"tags":[],"class_list":["post-16529","post","type-post","status-publish","format-standard","has-post-thumbnail","hentry","category-notisia"],"aioseo_notices":[],"_links":{"self":[{"href":"https:\/\/neonmetin.info\/buletin\/wp-json\/wp\/v2\/posts\/16529","targetHints":{"allow":["GET"]}}],"collection":[{"href":"https:\/\/neonmetin.info\/buletin\/wp-json\/wp\/v2\/posts"}],"about":[{"href":"https:\/\/neonmetin.info\/buletin\/wp-json\/wp\/v2\/types\/post"}],"author":[{"embeddable":true,"href":"https:\/\/neonmetin.info\/buletin\/wp-json\/wp\/v2\/users\/2"}],"replies":[{"embeddable":true,"href":"https:\/\/neonmetin.info\/buletin\/wp-json\/wp\/v2\/comments?post=16529"}],"version-history":[{"count":1,"href":"https:\/\/neonmetin.info\/buletin\/wp-json\/wp\/v2\/posts\/16529\/revisions"}],"predecessor-version":[{"id":16531,"href":"https:\/\/neonmetin.info\/buletin\/wp-json\/wp\/v2\/posts\/16529\/revisions\/16531"}],"wp:featuredmedia":[{"embeddable":true,"href":"https:\/\/neonmetin.info\/buletin\/wp-json\/wp\/v2\/media\/16530"}],"wp:attachment":[{"href":"https:\/\/neonmetin.info\/buletin\/wp-json\/wp\/v2\/media?parent=16529"}],"wp:term":[{"taxonomy":"category","embeddable":true,"href":"https:\/\/neonmetin.info\/buletin\/wp-json\/wp\/v2\/categories?post=16529"},{"taxonomy":"post_tag","embeddable":true,"href":"https:\/\/neonmetin.info\/buletin\/wp-json\/wp\/v2\/tags?post=16529"}],"curies":[{"name":"wp","href":"https:\/\/api.w.org\/{rel}","templated":true}]}}