{"id":16579,"date":"2023-07-02T12:35:58","date_gmt":"2023-07-02T03:35:58","guid":{"rendered":"https:\/\/neonmetin.info\/buletin\/?p=16579"},"modified":"2023-07-02T12:36:00","modified_gmt":"2023-07-02T03:36:00","slug":"prezidente-republika-husu-governu-no-pn-foun-servi-ho-onestidade-umildade-no-profisionalismu","status":"publish","type":"post","link":"https:\/\/neonmetin.info\/buletin\/2023\/07\/02\/prezidente-republika-husu-governu-no-pn-foun-servi-ho-onestidade-umildade-no-profisionalismu\/","title":{"rendered":"Prezidente Republika Husu Governu no PN Foun Serv\u00ed  Ho Onestidade, Umildade no Profisionalismu"},"content":{"rendered":"\n<p><strong><em>Reportajen David da Costa<\/em><\/strong><\/p>\n\n\n\n<p>Prezidente Republika husu ba Governu foun no Parlamentu Nasion\u00e1l atu serv\u00ed knaar ho onestidade, umildade, profisionalismu; hala\u2019o knaar-lisuk hamutuk hodi hala\u2019o dezenvolvimentu integradu no sustent\u00e1vel ba &nbsp;iha Timo-Leste atu ba oin no buras liu tan.<\/p>\n\n\n\n<p>&nbsp;Prezidente Republika (PR) Jos\u00e9 Ramos-Horta, hateten, deputadu sira, membru Governu, ases\u00f3r sira nom\u00f3s funsion\u00e1riu, maka atu serv\u00ed povu no implementa ho lalais, kompet\u00e9nsia no laran no liman-moos, programa ne\u2019eb\u00e9 aprovadu hosi PN.<\/p>\n\n\n\n<p>Xefe Estadu m\u00f3s f\u00f3 hanoin ba ema hotu-hotu katak, tuir artigu 74\u00ba n\u00ba 1 hosi RDTL nia Lei-Inan, Konstituisaun, Prezidente Rep\u00fablika maka nu\u2019udar mahein ba hala\u2019ok di\u2019ak hosi instituisaun demokr\u00e1tika hirak-hotu. Ne\u2019eb\u00e9 Prezidente Rep\u00fablika maka nu\u2019udar&nbsp; mahein ba hala\u2019ok hosi instituisaun demokr\u00e1tika. Tanba ne\u2019e Xefe Estadu sei tau matan oins\u00e1 maka servisu ba komunidade hala\u2019o loos ka lae tuir programa Governu ne\u2019eb\u00e9 aprovadu liuhosi Lei&nbsp; Parlamentu Nasion\u00e1l.<\/p>\n\n\n\n<p><em>\u201cHa\u2019u husu lisensa atu hatada rekomendasaun balu ba Governu no Parlamentu Nasion\u00e1l, serv\u00ed knaar ho onestidade, umildade, profisionalismu; hala\u2019o knaar-lisuk hamutuk hodi hala\u2019o dezenvolvimentu integradu no sustent\u00e1vel ba pa\u00eds ne\u2019eb\u00e9 dehan katak lori oin ida-ne\u2019eb\u00e9 ita-rain bele ba oin no mesamesak bele rasik buras nia an,\u201d<\/em>dehan, Prezidente Republika (PR) Jos\u00e9 Ramos-Horta, Bainhira halo nia Diskursu iha pal\u00e1siu Prezidente Bairo-Pite, Sabadu 1\/07.<\/p>\n\n\n\n<p>Alende ne\u2019e m\u00f3s, Xefe Estadu&nbsp; dehan , tama iha ASEAN ho objetivu estrat\u00e9jiku nasion\u00e1l no ema hotu hamutuk, tenke haburas ho di\u2019ak Timor nian rikusoin. Kona-ba pol\u00edtika nasion\u00e1l no internasion\u00e1l, tau lisuk hamutuk ho ASEAN tenke sai hanesan prioridade boot.<\/p>\n\n\n\n<p><em>\u201cAtu hatene klean liut\u00e1n, ita hanoin de\u2019it kona-ba riin tolu ASEAN nian maka ASEAN nia POL\u00cdTIKA no SEGURANSA KOMUNIT\u00c1RIA (APSC); ASEAN nia EKONOMIA KOMUNIT\u00c0RIA (AEC); no ASEAN nia kala\u2019ok S\u00d3SIU-KULTUR\u00c1L KOMUNIT\u00c1RIA (ASCC), ne\u2019e atu hatene di\u2019ak liut\u00e1n ba hala\u2019ok iha ita rai laran liuhosi buras hosi ASEAN,\u201d<\/em> esplika Ramos-Horta.<\/p>\n\n\n\n<p>Nia haktuir, nia sei &nbsp;&nbsp;fahe Deklarasaun ne\u2019eb\u00e9 nia halo iha &nbsp;loron 10 fulanMaiu 2023, bainhira Xefe Estadu sira no Governante sira hosi ASEAN halibur iha Labuan Bajo, Indon\u00e9zia, ne\u2019eb\u00e9 Prezid\u00e9nsia Indon\u00e9szia maka kordena. Timor-Leste hola parte, ba dala uluk, iha soru-mutu ho ASEAN nia l\u00edder sira, marka kap\u00edtulu foun ida iha Timor-Leste, tuir hist\u00f3ria, bainhira Timor to\u2019o rohan importante hafoin dalan naruk ne\u2019eb\u00e9 lori Timor hotu to\u2019o integrasaun rejion\u00e1l.<\/p>\n\n\n\n<p>Tanba Timor-Leste Kleur ona hakarak tama nu\u2019udar membru ASEAN nian hanesan estrat\u00e9jia ida. Tama nu\u2019udar membru ASEAN-integrasaun ekon\u00f3mika rejion\u00e1l, dame no propsperidade inkluziva-la\u2019\u00f3s de\u2019it tatemik ida maib\u00e9 prioridade ida iha pol\u00edtika relasaun neg\u00f3siu estranjeiru nian no hanesan riin boot ida hodi kaer metin vida no ajenda nasion\u00e1l. Timor-Leste no ASEAN nia Estadu membru seluk fahe malu hakaran hanesan hodi hasa\u2019e dame no dezenvolvimentu sustent\u00e1vel liuhosi estrat\u00e9jia rejion\u00e1l hodi lori hamutuk sasukat s\u00f3siu-kultur\u00e1l no ekon\u00f3miku.<\/p>\n\n\n\n<p><em>\u201cTuir mapa ne\u2019eb\u00e9 L\u00edder ASEAN sira tada ona, ho objetivu no krit\u00e9riu, f\u00f3 biban mai ami atu b\u00e1 oin ho tempu natoon atu bele hat\u00e1n ba kualidade nu\u2019udar membru iha futuru oin mai. Integrasaun iha ASEAN loke oportunidade ba Timor-Leste hodi hat\u00e1n ba interese no rohan dezenvolvimentu estrat\u00e9jiku nian, liuliu investimentu iha riin estrat\u00e9jiku nian ne\u2019eb\u00e9 sei halo di\u2019ak ba dezenvolvimentu iha \u00e1rea sa\u00fade, edukasaun no kualidade vida nian ba ami-nia povu,\u201d<\/em> nia hateten.<\/p>\n\n\n\n<p>Timor-Leste laran-metin ho banati institusion\u00e1l, pol\u00edtika, regulamentu hodi halo reforma, haburas rekursu umanu, investimentu iha infraestrutura estrat\u00e9jika ne\u2019eb\u00e9 loke dalan ba oportunidade ba Timor-Leste nia ekonomia nom\u00f3s haktuir metin ba lala\u2019ok rejion\u00e1l ne\u2019eb\u00e9 iha esp\u00edritu koperasaun no respeita malu. Ho nune\u2019e, sei moris fini di\u2019ak ba\u00a0 nasaun Timor nom\u00f3s ba rejiaun tomak. Timor-Leste sei hein tulun hosi Estadu-Membru hosi ASEAN no parseiru sira kona-ba implementasaun ba mapa dezenvolvimentu nian. <em>\u201cAmi simu ho liman rua no agradese tebes ba Estadu-Membru hosi ASEAN no parseiru sira ne\u2019eb\u00e9 hah\u00fa programa dezenvolvimentu kapasidade nia ba timoroan sira iha a\u00b4rea oioin\u201d.<\/em><\/p>\n","protected":false},"excerpt":{"rendered":"<p>Reportajen David da Costa Prezidente Republika husu ba Governu foun no Parlamentu Nasion\u00e1l atu serv\u00ed knaar ho onestidade, umildade, profisionalismu; hala\u2019o knaar-lisuk hamutuk hodi hala\u2019o dezenvolvimentu integradu no sustent\u00e1vel ba &nbsp;iha Timo-Leste atu ba oin no buras liu tan. &nbsp;Prezidente Republika (PR) Jos\u00e9 Ramos-Horta, hateten, deputadu sira, membru Governu, ases\u00f3r sira nom\u00f3s funsion\u00e1riu, maka atu [&hellip;]<\/p>\n","protected":false},"author":2,"featured_media":16580,"comment_status":"open","ping_status":"open","sticky":false,"template":"","format":"standard","meta":{"om_disable_all_campaigns":false,"_monsterinsights_skip_tracking":false,"_monsterinsights_sitenote_active":false,"_monsterinsights_sitenote_note":"","_monsterinsights_sitenote_category":0,"amp_status":"","footnotes":""},"categories":[63],"tags":[],"class_list":["post-16579","post","type-post","status-publish","format-standard","has-post-thumbnail","hentry","category-notisia"],"aioseo_notices":[],"_links":{"self":[{"href":"https:\/\/neonmetin.info\/buletin\/wp-json\/wp\/v2\/posts\/16579","targetHints":{"allow":["GET"]}}],"collection":[{"href":"https:\/\/neonmetin.info\/buletin\/wp-json\/wp\/v2\/posts"}],"about":[{"href":"https:\/\/neonmetin.info\/buletin\/wp-json\/wp\/v2\/types\/post"}],"author":[{"embeddable":true,"href":"https:\/\/neonmetin.info\/buletin\/wp-json\/wp\/v2\/users\/2"}],"replies":[{"embeddable":true,"href":"https:\/\/neonmetin.info\/buletin\/wp-json\/wp\/v2\/comments?post=16579"}],"version-history":[{"count":1,"href":"https:\/\/neonmetin.info\/buletin\/wp-json\/wp\/v2\/posts\/16579\/revisions"}],"predecessor-version":[{"id":16581,"href":"https:\/\/neonmetin.info\/buletin\/wp-json\/wp\/v2\/posts\/16579\/revisions\/16581"}],"wp:featuredmedia":[{"embeddable":true,"href":"https:\/\/neonmetin.info\/buletin\/wp-json\/wp\/v2\/media\/16580"}],"wp:attachment":[{"href":"https:\/\/neonmetin.info\/buletin\/wp-json\/wp\/v2\/media?parent=16579"}],"wp:term":[{"taxonomy":"category","embeddable":true,"href":"https:\/\/neonmetin.info\/buletin\/wp-json\/wp\/v2\/categories?post=16579"},{"taxonomy":"post_tag","embeddable":true,"href":"https:\/\/neonmetin.info\/buletin\/wp-json\/wp\/v2\/tags?post=16579"}],"curies":[{"name":"wp","href":"https:\/\/api.w.org\/{rel}","templated":true}]}}