{"id":17850,"date":"2024-01-15T20:46:10","date_gmt":"2024-01-15T11:46:10","guid":{"rendered":"https:\/\/neonmetin.info\/buletin\/?p=17850"},"modified":"2024-01-15T20:46:11","modified_gmt":"2024-01-15T11:46:11","slug":"sekjen-renetil-membru-renetil-neebe-halo-serbisu-iha-governu-karik-la-rezolve-problema-diak-liu-hakiduk-husi-kargu","status":"publish","type":"post","link":"https:\/\/neonmetin.info\/buletin\/2024\/01\/15\/sekjen-renetil-membru-renetil-neebe-halo-serbisu-iha-governu-karik-la-rezolve-problema-diak-liu-hakiduk-husi-kargu\/","title":{"rendered":"SekJen RENETIL: Membru RENETIL Ne\u2019eb\u00e9 Halo Serbisu Iha Governu, Karik La Rezolve Problema Diak Liu Hakiduk Husi Kargu"},"content":{"rendered":"\n<p><strong><em>Reportazen Zevonia Vieira <\/em><\/strong><\/p>\n\n\n\n<p>Ho preokupasaun p\u00fabliku nian konaba situasaun setor sa\u00fade, tanba aimoruk laiha no hapara hapara funsion\u00e1riu kontratadu sira iha ospit\u00e1l no sentru sa\u00fade sira, liuhusi konfer\u00e9nsia imprensa, Sekretariu Jeral Organizasaun Resist\u00eancia Nacional dos Estudantes de Timor-Leste (RENETIL), Joaquim Fonseca \u2018Russuo\u2019 apela ba membru RENETIL sira ne\u2019ebe halo serbisu iha governu, \u00a0husi Vice-Primeiru Ministru, Ministru sira, to\u2019o Kompa\u00f1eiru sira ne\u2019ebe hala\u2019o knaar tekniku oi-oin iha Ministeriu Saude nia laran, hodi foti atendimentu Saude ba sidadaun ne\u00e9 hanesan knaar sagradu ida ne\u2019ebe sira hala\u2019o hanesan kontinuasaun ba misaun atu Liberta Povu.<\/p>\n\n\n\n<p><em>\u201cHala\u2019o ita boot sira nia knaar ho responsabilidade no kometimentu. Ba sira ne\u2019ebe mak halo parte ba Conselho de Ministros, lori asuntu ne\u00e9 ba diskuti hamutuk iha CoM, no fo solusaun ne\u00e9be adekuadu. Karik labele rezolve problema ne\u2019e, diak liu ita boot sira hakiduk de\u2019it ona husi ita boot sira nia kargu\u201d, <\/em>dehan Sekretariu Jeral RENETIL, iha sede RENETIL, Farol, 15\/01\/2024.<\/p>\n\n\n\n<p>Russuo mos informa katak iha fulan Junho 2023, RENETIL hamutuk ho Centro Nasional Chega! (CNC) halo diskusaun nakloke iha edifisiu Komarka Balide ho tema <em>\u201cSistema Saude Nu\u2019udar Instrumentu ba Libertasaun Povu\u201d.<\/em><\/p>\n\n\n\n<p>Diskusaun ida ne\u2019e identifika problema sira hanesan, falta asesibilidade populasaun iha \u00e1rea remota ba fasilidade sa\u00fade, falta ekipamentus mediku no aimoruk, hodi fo atendimentu sa\u00fade ne\u00e9be aksesivel no ho kualidade a povo toma. &nbsp;<\/p>\n\n\n\n<p>Menus Rekursus umanus iha \u00e1rea sa\u00fade, hare hosi kuantidade, kualidade no distribuisaun, ladauk nat\u00f3n atu garante asesibilidade no fornese atendimentu sa\u00fade ho kualidade ba populasaun tomak.<\/p>\n\n\n\n<p>Sekjen RENETIL hatutan Partidu sira ne\u2019ebe konstitui Governu Konstitusional, hotu-hotu iha agenda klaru kona-ba sa\u00fade. Iha sira nia kampa\u00f1a eleitor\u00e1l, Partidu CNRT kompromete atu \u201cdezenvolve \u00e1rea sa\u00fade ida ne\u2019eb\u00e9 inkluzivu ho kualidade. Partido Demokr\u00e1tiku hatete dehan dezenvolve set\u00f3r sa\u00fade, hadi\u2019a Hospital Nacional Guido Valdares no hospital iha munis\u00edpiu sira. Governu Konstitusional dezigna postu Vice-Ministro Saude ida ho responsabilidade espes\u00edfiku ba Operacionaliza\u00e7\u00e3o dos Hospitais.<\/p>\n\n\n\n<p>Tuir observasaun Neon Metin iha plataforma Sosial Media, hatudu diskusaun p\u00fabliku ne\u2019ebe kestiona konaba aimoruk hahu laiha, menus infermeiru\/a sir iha sentru sa\u00fade, no fasilidade sa\u00fade nian ne\u2019ebe la adekuadu hodi halo atendimentu ba pasiente sira iha munis\u00edpiu sira.<\/p>\n","protected":false},"excerpt":{"rendered":"<p>Reportazen Zevonia Vieira Ho preokupasaun p\u00fabliku nian konaba situasaun setor sa\u00fade, tanba aimoruk laiha no hapara hapara funsion\u00e1riu kontratadu sira iha ospit\u00e1l no sentru sa\u00fade sira, liuhusi konfer\u00e9nsia imprensa, Sekretariu Jeral Organizasaun Resist\u00eancia Nacional dos Estudantes de Timor-Leste (RENETIL), Joaquim Fonseca \u2018Russuo\u2019 apela ba membru RENETIL sira ne\u2019ebe halo serbisu iha governu, \u00a0husi Vice-Primeiru Ministru, [&hellip;]<\/p>\n","protected":false},"author":2,"featured_media":17848,"comment_status":"open","ping_status":"open","sticky":false,"template":"","format":"standard","meta":{"om_disable_all_campaigns":false,"_monsterinsights_skip_tracking":false,"_monsterinsights_sitenote_active":false,"_monsterinsights_sitenote_note":"","_monsterinsights_sitenote_category":0,"amp_status":"","footnotes":""},"categories":[63],"tags":[],"class_list":["post-17850","post","type-post","status-publish","format-standard","has-post-thumbnail","hentry","category-notisia"],"aioseo_notices":[],"_links":{"self":[{"href":"https:\/\/neonmetin.info\/buletin\/wp-json\/wp\/v2\/posts\/17850","targetHints":{"allow":["GET"]}}],"collection":[{"href":"https:\/\/neonmetin.info\/buletin\/wp-json\/wp\/v2\/posts"}],"about":[{"href":"https:\/\/neonmetin.info\/buletin\/wp-json\/wp\/v2\/types\/post"}],"author":[{"embeddable":true,"href":"https:\/\/neonmetin.info\/buletin\/wp-json\/wp\/v2\/users\/2"}],"replies":[{"embeddable":true,"href":"https:\/\/neonmetin.info\/buletin\/wp-json\/wp\/v2\/comments?post=17850"}],"version-history":[{"count":1,"href":"https:\/\/neonmetin.info\/buletin\/wp-json\/wp\/v2\/posts\/17850\/revisions"}],"predecessor-version":[{"id":17851,"href":"https:\/\/neonmetin.info\/buletin\/wp-json\/wp\/v2\/posts\/17850\/revisions\/17851"}],"wp:featuredmedia":[{"embeddable":true,"href":"https:\/\/neonmetin.info\/buletin\/wp-json\/wp\/v2\/media\/17848"}],"wp:attachment":[{"href":"https:\/\/neonmetin.info\/buletin\/wp-json\/wp\/v2\/media?parent=17850"}],"wp:term":[{"taxonomy":"category","embeddable":true,"href":"https:\/\/neonmetin.info\/buletin\/wp-json\/wp\/v2\/categories?post=17850"},{"taxonomy":"post_tag","embeddable":true,"href":"https:\/\/neonmetin.info\/buletin\/wp-json\/wp\/v2\/tags?post=17850"}],"curies":[{"name":"wp","href":"https:\/\/api.w.org\/{rel}","templated":true}]}}