{"id":20469,"date":"2025-04-09T20:09:10","date_gmt":"2025-04-09T11:09:10","guid":{"rendered":"https:\/\/neonmetin.info\/buletin\/?p=20469"},"modified":"2025-04-09T20:10:39","modified_gmt":"2025-04-09T11:10:39","slug":"eviksaun-iha-bekora-horta-husu-governu-tenke-halo-kompensasaun-diak-ba-afetadu-sira-ho-rai-estatutu-privadu","status":"publish","type":"post","link":"https:\/\/neonmetin.info\/buletin\/2025\/04\/09\/eviksaun-iha-bekora-horta-husu-governu-tenke-halo-kompensasaun-diak-ba-afetadu-sira-ho-rai-estatutu-privadu\/","title":{"rendered":"Eviksaun iha Bekora, Horta Husu Governu Tenke Halo kompensasaun Di&#8217;ak Ba Afetadu Sira Ho Rai Estatutu Privadu"},"content":{"rendered":"\n<p><strong><em>Reportajen David da Costa<\/em><\/strong><\/p>\n\n\n\n<p>Relasi\u00f3na ho evikasaun husi ekipa Sekret\u00e1riu Estadu Asuntu Topon\u00edmia no Organizasaun Urbana (SEATOU) halo iha \u00e1rea Bekora tantu okupante espasu p\u00fabliku no rezid\u00e9nsia privadu mak Prezidente Rep\u00fablika husu governu tenke halo kompensasaun di&#8217;ak ba v\u00edtima eviksaun ho rai estatutu privadu.<\/p>\n\n\n\n<p>Prezidente Rep\u00fablika (PR), Jos\u00e9 Ramos-Horta, &nbsp;dehan, governu tenke aplika kompensasaun ne&#8217;eb\u00e9 justu no di&#8217;ak ba Timoroan sira ne&#8217;eb\u00e9 lakon nia direitu ba rai privadu.<\/p>\n\n\n\n<p>&#8220;Se rai privadu tenke iha kompensasaun, ne&#8217;e tenke kompensasaun ne&#8217;eb\u00e9 justu, liu-liu ema sira ne&#8217;eb\u00e9 kiak ne&#8217;e. Ema sira ne&#8217;eb\u00e9 kiak ne&#8217;e, f\u00f3 kompensasaun ate di&#8217;ak liu uitoan, nune&#8217;e hadia sira nia vida,&#8221; dehan PR Horta hafoin sai orad\u00f3r \u00e1mbitu reflesaun nasion\u00e1l tinan 50 anivers\u00e1riu proklamasaun independ\u00e9nsiaTimor-Leste nian iha Salaun Audit\u00f3riu Fakuldade Si\u00e9nsia Sosiais UNTL Kaikoli, Dili, Kuarta 09\/04.<\/p>\n\n\n\n<p>Nia afirma, Maib\u00e9 agora rai estadu ne&#8217;eb\u00e9 komunidade balun okupa tiha, komunidade sira balun m\u00f3s hakarak kompensasaun.<\/p>\n\n\n\n<p>&#8220;Ita boot hatene rai ne&#8217;e uluk estadu nian, okupa tiha hela gratis loos, kontente loos tinan 30 nia laran, agora hakarak tan kompensasaun. Ita bele f\u00f3 kompensasaun ba estadu tanba hela tinan 30 la selu tan buat ida ba estadu,&#8221; hatete nia.<\/p>\n\n\n\n<p>Nia argumenta, mas rai privadu duni tenke selu, liu-liu tanba Timoroan osan ladun barak. Di&#8217;ak liu haree kompensasaun ne&#8217;eb\u00e9 di&#8217;ak nune&#8217;e ajuda sira.<\/p>\n\n\n\n<p>Antes ne&#8217;e, Adelina Jesus Lobo, lamenta tanba seidauk iha aseitasaun no karta notifikasaun, maib\u00e9 to&#8217;o derepente no halo alargamentu estrada, maske di\u00e1logu dahuluk ne&#8217;e komunidade sira aseita deit markasaun dahuluk ho metru 3, enkuantu markasaun daruak sira seidauk aseita.<\/p>\n\n\n\n<p>&#8220;Ami hakarak desenvolvimentu hotu la&#8217;o tuir lei ne&#8217;ebe iha tiha ona, estadu iha planu atu halo desenvolvimentu maibe tenki iha balansu, aberta no hatur ho lolos tanba rai ne&#8217;e seidauk liberta. Tanba Povu iha mak estadu iha, se estadu iha atu proteze ninia povu, indemnizasaun seidauk fo, atu fo valor hira, ami seidauk hatene no seidauk iha konkord\u00e1nsia, antes ne&#8217;e ami sobu tanba rona promesa iha sede suku maibe to&#8217;o agora seidauk realidade,&#8221; hatete Adelina iha Bekora (06\/04).<\/p>\n\n\n\n<p>Iha lei n\u00fameru 8\/2017, 26 Abril ko&#8217;alia kona ba expropriasaun ho utilidade p\u00fabliku, ne&#8217;e rai privadu ne&#8217;eb\u00e9 iha na&#8217;in, wainhira estadu atu foti rai ne&#8217;e ba interese p\u00fabliku, bele&nbsp; maibe tenki la&#8217;o tuir prosedimentu ne&#8217;eb\u00e9 iha, la&#8217;os sasurut de&#8217;it hanesan ne&#8217;e violasaun total ba vitima nia direitu<\/p>\n\n\n\n<p>Liga ba deklarasaun Primeiru Ministru kona ba keixa, komunidade afetadu ne&#8217;e deklara sira sei hato&#8217;o keixa ba tribunal iha tempu badak tanba konsidera sobu rai privadu sein iha di\u00e1logu no aseitasaun ne&#8217;e injustisa no kontra direitu humanus.<\/p>\n\n\n\n<p>&#8220;Ami sei ezije tuir dalan legal, estadu ne&#8217;e estadu direitu no demokr\u00e1tika, ita hotu hakruk ba lei, ami sente katak ami nia direitu ne&#8217;e ema viola no hetan prezuiju ba violasaun ne&#8217;e, meius ikus mak hakarak ka lakohi ami levanta iha tribunal&#8221;.Nia afirma.<\/p>\n\n\n\n<p>Tanba ne&#8217;e komunidade sei hato&#8217;o keixa ba tribunal iha tempu besik hodi buka justi\u00e7a tanba ne&#8217;e viola direitus humanos, &#8220;Ami sei husu nafatin ami nia direitu tanba to&#8217;o agora seidauk iha indemnizasaun ba komunidade sira&#8221;.<\/p>\n","protected":false},"excerpt":{"rendered":"<p>Reportajen David da Costa Relasi\u00f3na ho evikasaun husi ekipa Sekret\u00e1riu Estadu Asuntu Topon\u00edmia no Organizasaun Urbana (SEATOU) halo iha \u00e1rea Bekora tantu okupante espasu p\u00fabliku no rezid\u00e9nsia privadu mak Prezidente Rep\u00fablika husu governu tenke halo kompensasaun di&#8217;ak ba v\u00edtima eviksaun ho rai estatutu privadu. Prezidente Rep\u00fablika (PR), Jos\u00e9 Ramos-Horta, &nbsp;dehan, governu tenke aplika kompensasaun ne&#8217;eb\u00e9 [&hellip;]<\/p>\n","protected":false},"author":2,"featured_media":20470,"comment_status":"open","ping_status":"open","sticky":false,"template":"","format":"standard","meta":{"om_disable_all_campaigns":false,"_monsterinsights_skip_tracking":false,"_monsterinsights_sitenote_active":false,"_monsterinsights_sitenote_note":"","_monsterinsights_sitenote_category":0,"amp_status":"","footnotes":""},"categories":[63],"tags":[],"class_list":["post-20469","post","type-post","status-publish","format-standard","has-post-thumbnail","hentry","category-notisia"],"aioseo_notices":[],"_links":{"self":[{"href":"https:\/\/neonmetin.info\/buletin\/wp-json\/wp\/v2\/posts\/20469","targetHints":{"allow":["GET"]}}],"collection":[{"href":"https:\/\/neonmetin.info\/buletin\/wp-json\/wp\/v2\/posts"}],"about":[{"href":"https:\/\/neonmetin.info\/buletin\/wp-json\/wp\/v2\/types\/post"}],"author":[{"embeddable":true,"href":"https:\/\/neonmetin.info\/buletin\/wp-json\/wp\/v2\/users\/2"}],"replies":[{"embeddable":true,"href":"https:\/\/neonmetin.info\/buletin\/wp-json\/wp\/v2\/comments?post=20469"}],"version-history":[{"count":2,"href":"https:\/\/neonmetin.info\/buletin\/wp-json\/wp\/v2\/posts\/20469\/revisions"}],"predecessor-version":[{"id":20473,"href":"https:\/\/neonmetin.info\/buletin\/wp-json\/wp\/v2\/posts\/20469\/revisions\/20473"}],"wp:featuredmedia":[{"embeddable":true,"href":"https:\/\/neonmetin.info\/buletin\/wp-json\/wp\/v2\/media\/20470"}],"wp:attachment":[{"href":"https:\/\/neonmetin.info\/buletin\/wp-json\/wp\/v2\/media?parent=20469"}],"wp:term":[{"taxonomy":"category","embeddable":true,"href":"https:\/\/neonmetin.info\/buletin\/wp-json\/wp\/v2\/categories?post=20469"},{"taxonomy":"post_tag","embeddable":true,"href":"https:\/\/neonmetin.info\/buletin\/wp-json\/wp\/v2\/tags?post=20469"}],"curies":[{"name":"wp","href":"https:\/\/api.w.org\/{rel}","templated":true}]}}