{"id":21780,"date":"2025-11-24T22:53:14","date_gmt":"2025-11-24T13:53:14","guid":{"rendered":"https:\/\/neonmetin.info\/buletin\/?p=21780"},"modified":"2025-11-28T14:42:39","modified_gmt":"2025-11-28T05:42:39","slug":"vizita-estadu-ba-santa-se-prezidente-horta-destaka-rekonsiliasaun-ho-indonesia-nuudar-modelu-global-ba-paz","status":"publish","type":"post","link":"https:\/\/neonmetin.info\/buletin\/2025\/11\/24\/vizita-estadu-ba-santa-se-prezidente-horta-destaka-rekonsiliasaun-ho-indonesia-nuudar-modelu-global-ba-paz\/","title":{"rendered":"Vizita Estadu ba Santa S\u00e9, Prezidente Horta Destaka Rekonsiliasaun ho Indonesia Nu\u2019udar Modelu Glob\u00e1l ba Paz"},"content":{"rendered":"\n<p><strong><em>Reportajen Silvino Freitas<\/em><\/strong><\/p>\n\n\n\n<p>Tuir komunikadu imprensa husi palasiu Prezidenti Republika neebe Neon Metin asesu katak, enkontru neebe PR Horta halo ho Papa Leao XIV nee dura minutu 30 hodi koalia situasaun iha timor leste neebe amo papa hatene ona tanba santa Se sira kobre informasaun hotu, nunee koalia hodi hato\u2019o fiar ne\u2019eb\u00e9 metin no saudasaun kmanek povu timoroan nian, hodi reafirma ligasaun espiritu\u00e1l ne\u2019eb\u00e9 profundu no dura entre nasaun no Santa S\u00e9, halo mos enkontru produtivu ho Sua Exel\u00e9nsia Arsebispu Paul Richard Gallagher, Santa S\u00e9 nia Sekret\u00e1riu ba Relasaun ho Estadu no Organizasaun Internasion\u00e1l sira.<\/p>\n\n\n\n<p>\u201cPrezidente simu pr\u00e9miu Dout\u00f3r Honoris Causa iha Si\u00e9nsia Pol\u00edtika husi Universidade Messina, instituisaun ist\u00f3riku ida iha It\u00e1lia ne\u2019eb\u00e9 estabelese iha 1548, no simu titlu Profes\u00f3r husi Universidade Link Campus iha Roma kona-ba Rezolusaun Konflitu no Dalan sira ba P\u00e1s\u201d hateten komunikadu husi palasiu prezidente neebe Neon-Metin asesu, (24\/11).<\/p>\n\n\n\n<p>Pap\u00e9l ida-ne\u2019e reko\u00f1ese formalmente Prezidente nia matenek iha d\u00e9kada barak nia laran no fornese plataforma ida atu inspira jerasaun sira iha futuru, iha ninia diskursu aseitasaun, Prezidente Ramos-Horta trasa viajen estraordin\u00e1riu Timor-Leste nian husi konflitu ba demokrasia ne\u2019eb\u00e9 vibrante, hodi destaka ninia jestaun ekon\u00f3mika ne\u2019eb\u00e9 prudente no ninia rekonsiliasaun ist\u00f3rika ho Indon\u00e9zia nu\u2019udar modelu global ida ba p\u00e1s, nune\u2019e prezidente m\u00f3s f\u00f3 sai apelu forte ida ba reforma urjente Konsellu Seguransa Nasoins Unidas nian hodi sai ekuitativu no efetivu liut\u00e1n.<\/p>\n\n\n\n<p>\u201cIha asaun ida ne\u2019eb\u00e9 kaptura nasaun nia fuan, Prezidente Ramos-Horta konvida pesoalmente senora Sofia Hornai dos Santos, faluk ida ne\u2019eb\u00e9 badinas no vended\u00f3r ambulante, atu hamutuk ho ninia delegasaun nu\u2019udar konvidadu espesi\u00e1l ba Audiensia Papal\u201d haktuir komunikadu.<\/p>\n\n\n\n<p>Nune\u2019e aktu neebe lori Sofia ba audensia papal ne\u2019e f\u00f3 atensaun internasion\u00e1l ba dignidade silensioza, sakrif\u00edsiu, no forsa ne\u2019eb\u00e9 metin husi fam\u00edlia timoroan sira Sofia nia prezensa hetan elojia peso\u00e1l hosi Sua Santidade Papa Le\u00e3o XIV, hodi destaka Prezidente nia kompromisu hodi f\u00f3 onra ba sidadaun sira loroloron nian, vizita ida ne\u2019e la\u2019\u00f3s de\u2019it diplomasia maibe selebrasaun ida ba klamar husi ita-nia nasaun ita hamriik iha salaun sira Vatikanu nian no iha universidade antigu sira la\u2019\u00f3s de\u2019it nu\u2019udar Estadu ida, maib\u00e9 nu\u2019udar povu fiar-na\u2019in no rezili\u00e9nsia, hodi konvida Tia Sofia, ita f\u00f3 onra ba inan-aman timoroan ida-idak ne\u2019eb\u00e9 sira-nia sakrif\u00edsiu nonok harii ita-nia nasaun nia future, ita hatudu ba mundu katak pol\u00edtika esterna Timor-Leste nian la\u2019\u00f3s de\u2019it kona-ba envolvimentu pod\u00e9r, maib\u00e9 kona-ba f\u00f3 kbiit ba ita-nia povu no fahe ita-nia esperi\u00e9nsia susesu iha dalan ba p\u00e1s.<\/p>\n","protected":false},"excerpt":{"rendered":"<p>Reportajen Silvino Freitas Tuir komunikadu imprensa husi palasiu Prezidenti Republika neebe Neon Metin asesu katak, enkontru neebe PR Horta halo ho Papa Leao XIV nee dura minutu 30 hodi koalia situasaun iha timor leste neebe amo papa hatene ona tanba santa Se sira kobre informasaun hotu, nunee koalia hodi hato\u2019o fiar ne\u2019eb\u00e9 metin no saudasaun [&hellip;]<\/p>\n","protected":false},"author":1,"featured_media":21781,"comment_status":"open","ping_status":"open","sticky":false,"template":"","format":"standard","meta":{"om_disable_all_campaigns":false,"_monsterinsights_skip_tracking":false,"_monsterinsights_sitenote_active":false,"_monsterinsights_sitenote_note":"","_monsterinsights_sitenote_category":0,"amp_status":"","footnotes":""},"categories":[63],"tags":[],"class_list":["post-21780","post","type-post","status-publish","format-standard","has-post-thumbnail","hentry","category-notisia"],"aioseo_notices":[],"_links":{"self":[{"href":"https:\/\/neonmetin.info\/buletin\/wp-json\/wp\/v2\/posts\/21780","targetHints":{"allow":["GET"]}}],"collection":[{"href":"https:\/\/neonmetin.info\/buletin\/wp-json\/wp\/v2\/posts"}],"about":[{"href":"https:\/\/neonmetin.info\/buletin\/wp-json\/wp\/v2\/types\/post"}],"author":[{"embeddable":true,"href":"https:\/\/neonmetin.info\/buletin\/wp-json\/wp\/v2\/users\/1"}],"replies":[{"embeddable":true,"href":"https:\/\/neonmetin.info\/buletin\/wp-json\/wp\/v2\/comments?post=21780"}],"version-history":[{"count":1,"href":"https:\/\/neonmetin.info\/buletin\/wp-json\/wp\/v2\/posts\/21780\/revisions"}],"predecessor-version":[{"id":21782,"href":"https:\/\/neonmetin.info\/buletin\/wp-json\/wp\/v2\/posts\/21780\/revisions\/21782"}],"wp:featuredmedia":[{"embeddable":true,"href":"https:\/\/neonmetin.info\/buletin\/wp-json\/wp\/v2\/media\/21781"}],"wp:attachment":[{"href":"https:\/\/neonmetin.info\/buletin\/wp-json\/wp\/v2\/media?parent=21780"}],"wp:term":[{"taxonomy":"category","embeddable":true,"href":"https:\/\/neonmetin.info\/buletin\/wp-json\/wp\/v2\/categories?post=21780"},{"taxonomy":"post_tag","embeddable":true,"href":"https:\/\/neonmetin.info\/buletin\/wp-json\/wp\/v2\/tags?post=21780"}],"curies":[{"name":"wp","href":"https:\/\/api.w.org\/{rel}","templated":true}]}}