{"id":21798,"date":"2025-11-27T23:56:46","date_gmt":"2025-11-27T14:56:46","guid":{"rendered":"https:\/\/neonmetin.info\/buletin\/?p=21798"},"modified":"2025-11-28T14:41:48","modified_gmt":"2025-11-28T05:41:48","slug":"manuel-serrano-embaixador-foun-timor-leste-ba-portugal-troka-isabel-amaral","status":"publish","type":"post","link":"https:\/\/neonmetin.info\/buletin\/2025\/11\/27\/manuel-serrano-embaixador-foun-timor-leste-ba-portugal-troka-isabel-amaral\/","title":{"rendered":"Manuel Serrano Embaixad\u00f3r\u00a0\u00a0foun Timor-Leste\u00a0\u00a0ba Portug\u00e1l, Troka Isabel Amaral\u00a0"},"content":{"rendered":"\n<p><strong><em>Reportajen\u00a0\u00a0David\u00a0\u00a0da\u00a0\u00a0Costa\u00a0<\/em><\/strong><\/p>\n\n\n\n<p>Prezidente Rep\u00fablika (PR) Jos\u00e9 Ramos-Horta ohin f\u00f3 tomada de posse ba Embaixad\u00f3r foun&nbsp;&nbsp;Timor-Leste&nbsp;&nbsp;ba nasaun&nbsp;Portug\u00e1l hodi troka&nbsp;&nbsp;Embaixadora&nbsp;&nbsp;Tuan&nbsp;&nbsp;Isabel&nbsp;&nbsp;Amaral&nbsp;&nbsp;Guterres, tanba Embaixadora&nbsp;&nbsp;tuan nia mandatu&nbsp;&nbsp;remata&nbsp;&nbsp;ona.<\/p>\n\n\n\n<p>Sekret\u00e1riu Jer\u00e1l, Ministru&nbsp;&nbsp;Negosiu&nbsp;&nbsp;Estranjeiru no&nbsp;&nbsp;Kooperasaun (MNEK), Juv\u00eancio de Jesus Martins, hateten, Prezidente&nbsp;&nbsp;Rep\u00fablika (PR) Jos\u00e9 Ramos-Horta ohin f\u00f3 posse&nbsp;&nbsp;ba Embaixad\u00f3r foun&nbsp;&nbsp;Timor-Leste&nbsp;&nbsp;ba Portug\u00e1l&nbsp;&nbsp;Manuel Serrano hodi troka&nbsp;&nbsp;Embaixadora Tuan&nbsp;&nbsp;Isabel&nbsp;&nbsp;Amaral&nbsp;&nbsp;Guterres tanba nia mandatu remata&nbsp;&nbsp;ona.<\/p>\n\n\n\n<p>&#8220;Ohin 27 Novembru 2025, ita hala&#8217;o tomada de posse ba ita nia Embaixad\u00f3r foun Manuel Serrano ba subtitui ka troka ita nia Embaixadora Tuan, Isabel Amaral Guterres ne&#8217;eb\u00e9 hala&#8217;o tiha ona ninia kna&#8217;ar hanesan Embaixadora Timor nia iha Portug\u00e1l, besik tinan lima,&#8221; dehan&nbsp;&nbsp;Sekret\u00e1riu Jer\u00e1l Ministru&nbsp;&nbsp;Negosiu&nbsp;&nbsp;Estranjeiru no&nbsp;&nbsp;Kooperasaun (MNEK), Juv\u00eancio de Jesus Martins,&nbsp;&nbsp;ba jornalista sira&nbsp;&nbsp;iha Pal\u00e1siu Prezidensi\u00e1l&nbsp;&nbsp;Bairu-Pite, 27\/11.<\/p>\n\n\n\n<p>Nia haktuir,&nbsp;&nbsp;Embaixad\u00f3r foun ohin tomada de posse nia sei ba hatutan fali saida mak&nbsp;&nbsp;&nbsp;Embaixadora tuan Isabel&nbsp;&nbsp;Amaral Guterres hala&#8217;o iha Portug\u00e1l, ida ne&#8217;e m\u00f3s Embaixad\u00f3r foun konserteja nia sei iha planu foun karik, nu&#8217;udar Embaixad\u00f3r Extra-ordinariu Plenu Potensin\u00e1riu Timor nia ba Portug\u00e1l nia sei ba hala&#8217;o iha Portug\u00e1l hodi reprezenta Timor-Leste iha nasaun Portug\u00e1l.<\/p>\n\n\n\n<p>&#8220;Ita boot sira hatene katak Portug\u00e1l ba&nbsp;&nbsp;Timor ne&#8217;e espesi\u00e1l tebe-tebes ba ita, tanba durante rezist\u00e9nsia Portug\u00e1l nunka husik ita, nia sempre aprejenta nia an hanesan potensia administrante ne&#8217;eb\u00e9 kaer metin nafatin ita nia kauza ba ukun rasik-an,&#8221;nia subli\u00f1a.<\/p>\n\n\n\n<p>Nune&#8217;e, Portug\u00e1l ninia estatutu ba Timor-Leste hanesan espesi\u00e1l tebe-tebes nune&#8217;e eskolla Timor nia governu liu husi Prezidensia Rep\u00fablika atu ba hala&#8217;o kna&#8217;ar iha Portug\u00e1l.<\/p>\n\n\n\n<p>&#8220;Ita hotu fiar katak, ita nia Embaixad\u00f3r Manuel Serrano sei ba halo ninia kna&#8217;ar iha Portug\u00e1l,&#8221; nia afirma.<\/p>\n\n\n\n<p>Iha fatin hanesan Embaixad\u00f3r foun Timor-Leste ba Portug\u00e1l, Manuel Serrano&nbsp;&nbsp;mos hateten, Hanesan Embaixad\u00f3r foun ba f\u00f3 de&#8217;it kontinuidade ba servisu sira ne&#8217;eb\u00e9 iha ona, no haree m\u00f3s ba programa estrat\u00e9jiku kooperasaun ne&#8217;eb\u00e9 iha entre pa\u00eds rua ne&#8217;e iha.<\/p>\n\n\n\n<p>&#8220;Ho nune&#8217;e ita bele hametin liu tan ita nia relasaun diplom\u00e1tika haburas kooperasaun iha \u00e1rea sira ne&#8217;eb\u00e9 iha tuir orientasaun governu nian, no tuir programa estrat\u00e9jiku ne&#8217;eb\u00e9 define ona entre 2024 to&#8217;o 2028,&#8221; nia dehan.<\/p>\n\n\n\n<p>Nia haktuir, programa ne&#8217;eb\u00e9 ezist\u00e9 Embaixada halo f\u00f3 komunidade, pur ezemplu ba iha kapasitasaun dezenvolvimentu umanu ba set\u00f3r relevante m\u00f3s tau atensaun ba asuntu konsoladu ne&#8217;eb\u00e9 liga ho sidadaun sira iha diaspora, ida ne&#8217;e misaun importante ne&#8217;eb\u00e9 Embaixada presiza haree.<\/p>\n\n\n\n<p>Tanba ne&#8217;e, sidadaun Timorense iha ne&#8217;eb\u00e9 de&#8217;it, importante mak buka atu respeita uluk lei ne&#8217;eb\u00e9 vigora iha iha Portug\u00e1l. Hanesan m\u00f3s ema estranjeiru sira servisu iha Timor-Leste&nbsp;&nbsp;oins\u00e1 sira kumpri, no hakruuk ba lei sira ne&#8217;eb\u00e9 vigora iha Timor-Leste.<\/p>\n\n\n\n<p>&#8220;Konserteja katak embaixada liu husi Diplomata lae adidu ne&#8217;eb\u00e9 designadu ba iha asuntu ida ne&#8217;e sei f\u00f3 atensaun di&#8217;ak nune&#8217;e bele haree oins\u00e1 ba oin. Ha&#8217;u sei rekolla di&#8217;ak informasaun klean kona-ba asuntu refere,&#8221;nia esplika.<\/p>\n\n\n\n<p>Nia dehan, Prezidente Rep\u00fablika, Jos\u00e9 Ramos Horta depozita konfiansa ba nia atu hala&#8217;o kna&#8217;ar ida ne&#8217;e, tanba antes m\u00f3s&nbsp;&nbsp;hetan kna&#8217;ar hanesan Embaixad\u00f3r Timor-Leste ba Indon\u00e9zia, agora ida ne&#8217;e segundu kargu&nbsp;&nbsp;ba fali Embaixad\u00f3r Portug\u00e1l.<\/p>\n\n\n\n<p>Nune&#8217;e mos Embaixad\u00f3r foun Manuel Serrano&nbsp;&nbsp;Agradese ba governu&nbsp;&nbsp;no esatadu ne&#8217;eb\u00e9 maka fo ona konfiasa hodi sai Embaixad\u00f3r foun&nbsp;&nbsp;ba iha Portug\u00e1l.<\/p>\n","protected":false},"excerpt":{"rendered":"<p>Reportajen\u00a0\u00a0David\u00a0\u00a0da\u00a0\u00a0Costa\u00a0 Prezidente Rep\u00fablika (PR) Jos\u00e9 Ramos-Horta ohin f\u00f3 tomada de posse ba Embaixad\u00f3r foun&nbsp;&nbsp;Timor-Leste&nbsp;&nbsp;ba nasaun&nbsp;Portug\u00e1l hodi troka&nbsp;&nbsp;Embaixadora&nbsp;&nbsp;Tuan&nbsp;&nbsp;Isabel&nbsp;&nbsp;Amaral&nbsp;&nbsp;Guterres, tanba Embaixadora&nbsp;&nbsp;tuan nia mandatu&nbsp;&nbsp;remata&nbsp;&nbsp;ona. Sekret\u00e1riu Jer\u00e1l, Ministru&nbsp;&nbsp;Negosiu&nbsp;&nbsp;Estranjeiru no&nbsp;&nbsp;Kooperasaun (MNEK), Juv\u00eancio de Jesus Martins, hateten, Prezidente&nbsp;&nbsp;Rep\u00fablika (PR) Jos\u00e9 Ramos-Horta ohin f\u00f3 posse&nbsp;&nbsp;ba Embaixad\u00f3r foun&nbsp;&nbsp;Timor-Leste&nbsp;&nbsp;ba Portug\u00e1l&nbsp;&nbsp;Manuel Serrano hodi troka&nbsp;&nbsp;Embaixadora Tuan&nbsp;&nbsp;Isabel&nbsp;&nbsp;Amaral&nbsp;&nbsp;Guterres tanba nia mandatu remata&nbsp;&nbsp;ona. &#8220;Ohin 27 Novembru 2025, ita hala&#8217;o [&hellip;]<\/p>\n","protected":false},"author":1,"featured_media":21799,"comment_status":"open","ping_status":"open","sticky":false,"template":"","format":"standard","meta":{"om_disable_all_campaigns":false,"_monsterinsights_skip_tracking":false,"_monsterinsights_sitenote_active":false,"_monsterinsights_sitenote_note":"","_monsterinsights_sitenote_category":0,"amp_status":"","footnotes":""},"categories":[63],"tags":[],"class_list":["post-21798","post","type-post","status-publish","format-standard","has-post-thumbnail","hentry","category-notisia"],"aioseo_notices":[],"_links":{"self":[{"href":"https:\/\/neonmetin.info\/buletin\/wp-json\/wp\/v2\/posts\/21798","targetHints":{"allow":["GET"]}}],"collection":[{"href":"https:\/\/neonmetin.info\/buletin\/wp-json\/wp\/v2\/posts"}],"about":[{"href":"https:\/\/neonmetin.info\/buletin\/wp-json\/wp\/v2\/types\/post"}],"author":[{"embeddable":true,"href":"https:\/\/neonmetin.info\/buletin\/wp-json\/wp\/v2\/users\/1"}],"replies":[{"embeddable":true,"href":"https:\/\/neonmetin.info\/buletin\/wp-json\/wp\/v2\/comments?post=21798"}],"version-history":[{"count":1,"href":"https:\/\/neonmetin.info\/buletin\/wp-json\/wp\/v2\/posts\/21798\/revisions"}],"predecessor-version":[{"id":21800,"href":"https:\/\/neonmetin.info\/buletin\/wp-json\/wp\/v2\/posts\/21798\/revisions\/21800"}],"wp:featuredmedia":[{"embeddable":true,"href":"https:\/\/neonmetin.info\/buletin\/wp-json\/wp\/v2\/media\/21799"}],"wp:attachment":[{"href":"https:\/\/neonmetin.info\/buletin\/wp-json\/wp\/v2\/media?parent=21798"}],"wp:term":[{"taxonomy":"category","embeddable":true,"href":"https:\/\/neonmetin.info\/buletin\/wp-json\/wp\/v2\/categories?post=21798"},{"taxonomy":"post_tag","embeddable":true,"href":"https:\/\/neonmetin.info\/buletin\/wp-json\/wp\/v2\/tags?post=21798"}],"curies":[{"name":"wp","href":"https:\/\/api.w.org\/{rel}","templated":true}]}}