{"id":22794,"date":"2026-05-01T14:43:03","date_gmt":"2026-05-01T05:43:03","guid":{"rendered":"https:\/\/neonmetin.info\/buletin\/?p=22794"},"modified":"2026-05-01T14:43:05","modified_gmt":"2026-05-01T05:43:05","slug":"horta-loron-traballadores-nuudar-testemuna-moris-ba-luta-naruk-ba-dignidade-tratamentu-justu-no-justisa","status":"publish","type":"post","link":"https:\/\/neonmetin.info\/buletin\/2026\/05\/01\/horta-loron-traballadores-nuudar-testemuna-moris-ba-luta-naruk-ba-dignidade-tratamentu-justu-no-justisa\/","title":{"rendered":"Horta:\u00a0loron traballad\u00f3res nu\u2019udar testemu\u00f1a moris ba luta naruk ba dignidade, tratamentu justu no Justisa\u00a0"},"content":{"rendered":"\n<p><strong>Reportajen David da Costa<\/strong><\/p>\n\n\n\n<p>Loron Traballad\u00f3r mak loron atu f\u00f3 onra ba traballad\u00f3r sira nia kontribuisaun no luta ba direitu, dignidade no servisu justu. Tanba ne\u2019e Xefe Estadu husu Governu, empregad\u00f3r no parseiru sosi\u00e1l sira atu serbisu hamutuk ho tau matan ba realidade nasion\u00e1l Timor nia no tend\u00e9nsia glob\u00e1l sira. Ida ne\u2019e signifika habelar empregu form\u00e1l no protesaun sosi\u00e1l ba ema hotu.&nbsp;<\/p>\n\n\n\n<p>Prezidente Republika Jos\u00e9 Ramos-Horta, hatete, maluk sidadaun no traballad\u00f3r sira iha Timor-Leste, iha loron mundi\u00e1l traballad\u00f3r nian, f\u00f3 onra ba forsa ida ne\u2019eb\u00e9 sustenta nasaun. Iha fatin hotu-hotu husi natar no plantasaun to\u2019o ospit\u00e1l, eskola, merkadu no servisu p\u00fabliku traballu mak sai koluna prinsipal ba moris loron-loron.<\/p>\n\n\n\n<p>Tanba liman no fuan traballad\u00f3r sira mak hari\u2019i no dezenvolve rai Timor-Leste, ho dedikasaun no esforsu kontinua. Tanba ne\u2019e, loron ida ne\u2019e hanesan tempu atu rekui\u00f1ese valor no kontribuisaun boot ne\u2019eb\u00e9 traballadores sira f\u00f3 ba progresu nasaun.<\/p>\n\n\n\n<p>\u201cOhin, iha loron mundi\u00e1l traballad\u00f3res nian, ita f\u00f3 onra ba ita nia nasaun nia forsa. Husi natar no plantasaun kaf\u00e9 to\u2019o ita nia ospit\u00e1l, sala de aula, merkadu no servisu p\u00fabliku sira, imi nia liman no fuan mak hari\u2019i ita nia rain loron-loron,\u201d dehan Prezidente Republika Ramos-Horta, iha komunikadu imprensa ne\u2019ebe Neon Metin asesu ohin husi Palasiu Prezidensial Bairo-Pite Sexta 1\/05.<\/p>\n\n\n\n<p>Xefe estadu haktuir, loron traballad\u00f3res nu\u2019udar testemu\u00f1a moris ba luta ne\u2019eb\u00e9 naruk ba dignidade, tratamentu justu, no justisa.&nbsp;&nbsp;Tanba Iha mundu tomak, traballad\u00f3r sira hasoru forsa husi konflitu jeopol\u00edtiku ne\u2019eb\u00e9 perturba sistema fornesimentu sira, inflasaun, avansu lalais husi intelij\u00e9nsia artifisi\u00e1l no automatizasaun ameasa empregu balu mesmu tempu kria empregu sira seluk, no krize klim\u00e1tika.<\/p>\n\n\n\n<p>\u201cIha Timor-Leste, ita la izoladu husi tempestade hirak ne\u2019e. Bainhira folin ai-han no kombust\u00edvel mundi\u00e1l sa\u2019e, fam\u00edlia ne\u2019eb\u00e9 sosa foos iha merkadu maka sente uluk. Bainhira ekonomia global la\u2019o neneik, ita nia joven sira ne\u2019eb\u00e9 buka sira nia serbisu dahuluk maka hein kleur liu. Bainhira tasi sai maka\u2019as liu no udan sai impreviz\u00edvel liu, ita nia agrikult\u00f3r no peskad\u00f3r sira maka lori nia todan,\u201d nia hateten.<\/p>\n\n\n\n<p>Maski nune\u2019e, xefe estadu rekuza atu hanoin de\u2019it imajen kona-ba dezesperu. Tanba iha krize nia laran mos iha oportunidade. Atensaun glob\u00e1l hanesan ba enerjia renov\u00e1vel, inkluzaun dijit\u00e1l no kom\u00e9rsiu justu bele aproveita ba benef\u00edsiu nasaun Timor-Leste nian.<\/p>\n\n\n\n<p>\u201cIta tenke sai at\u00f3r ativu iha konstrusaun mundu foun ba serbisu nian. Tanba ne\u2019e, Hein katak Loron Traballad\u00f3r ida ne\u2019e sai hanesan apelu ida ba rezili\u00e9nsia no asaun ho vizaun ba future,\u201d Nia afirma.<\/p>\n\n\n\n<p>Xefe estadu mos halo apelu ida ba Governu, empregad\u00f3r no parseiru sosi\u00e1l sira atu hamutuk servisu, tau matan ba realidade Timor-Leste nian no mudansa global sira ne\u2019eb\u00e9 afeta mundu servisu, atu habelar empregu form\u00e1l no garante protesaun sosi\u00e1l ba sidadaun hotu, atu kria kondisaun servisu ne\u2019eb\u00e9 di\u2019ak liu no inkluzivu ba ema hotu.<\/p>\n\n\n\n<p>\u201cHa\u2019u husu ba Governu, empregad\u00f3r no parseiru sosi\u00e1l sira atu serbisu hamutuk ho tau matan ba ita-nia realidade nasion\u00e1l no tend\u00e9nsia glob\u00e1l sira. Ida-ne\u2019e signifika habelar empregu form\u00e1l no protesaun sosi\u00e1l ba ema hotu,\u201d nia dehan.<\/p>\n\n\n\n<p>Nia salienta \u201cIta tenke hametin di\u00e1logu sosi\u00e1l liuhusi negosiasaun koletiva hodi promove servisu ne\u2019eb\u00e9 dignu iha servisu fatin. Ita tenke aplika padraun sira seguransa no sa\u00fade profision\u00e1l nian maski mosu risku foun sira kona-ba klim\u00e1tiku no teknol\u00f3jiku, no asegura kumprimentu rigorozu ba K\u00f3digu Traballu no prins\u00edpiu igualdade remunerasaun ba serbisu ne\u2019eb\u00e9 hanesan, sein diskriminasaun ho kualk\u00e9r tipu. Liuhusi negosiasaun koletiva ne\u2019eb\u00e9 forte, ita harii fatin servisu ne\u2019eb\u00e9 dignidade sai padraun ida no di\u00e1logu sosi\u00e1l sai hanesan ponte entre aspirasaun no realidade,\u201d<\/p>\n\n\n\n<p>Tanba iha loron traballad\u00f3res ida ne\u2019e, sai hanesan apelu ida ba ema hotu atu hametin relasaun nu\u2019udar fam\u00edlia Timoroan ida de\u2019it, servisu hamutuk hodi konstrui kondisaun serbisu ne\u2019eb\u00e9 dignu no justu ba gerasaun ohin no aban<\/p>\n\n\n\n<p>\u201cIha Loron Traballad\u00f3res ida ne\u2019e, mai ita la\u2019o hamutuk hodi hahu loron foun ho aten-barani, determinasaun no hamutuk nu\u2019udar fam\u00edlia Timor oan ida de\u2019it,\u201d nia konkuli.<\/p>\n","protected":false},"excerpt":{"rendered":"<p>Reportajen David da Costa Loron Traballad\u00f3r mak loron atu f\u00f3 onra ba traballad\u00f3r sira nia kontribuisaun no luta ba direitu, dignidade no servisu justu. Tanba ne\u2019e Xefe Estadu husu Governu, empregad\u00f3r no parseiru sosi\u00e1l sira atu serbisu hamutuk ho tau matan ba realidade nasion\u00e1l Timor nia no tend\u00e9nsia glob\u00e1l sira. Ida ne\u2019e signifika habelar empregu [&hellip;]<\/p>\n","protected":false},"author":1,"featured_media":22795,"comment_status":"open","ping_status":"open","sticky":false,"template":"","format":"standard","meta":{"om_disable_all_campaigns":false,"_monsterinsights_skip_tracking":false,"_monsterinsights_sitenote_active":false,"_monsterinsights_sitenote_note":"","_monsterinsights_sitenote_category":0,"amp_status":"","footnotes":""},"categories":[63],"tags":[],"class_list":["post-22794","post","type-post","status-publish","format-standard","has-post-thumbnail","hentry","category-notisia"],"aioseo_notices":[],"_links":{"self":[{"href":"https:\/\/neonmetin.info\/buletin\/wp-json\/wp\/v2\/posts\/22794","targetHints":{"allow":["GET"]}}],"collection":[{"href":"https:\/\/neonmetin.info\/buletin\/wp-json\/wp\/v2\/posts"}],"about":[{"href":"https:\/\/neonmetin.info\/buletin\/wp-json\/wp\/v2\/types\/post"}],"author":[{"embeddable":true,"href":"https:\/\/neonmetin.info\/buletin\/wp-json\/wp\/v2\/users\/1"}],"replies":[{"embeddable":true,"href":"https:\/\/neonmetin.info\/buletin\/wp-json\/wp\/v2\/comments?post=22794"}],"version-history":[{"count":1,"href":"https:\/\/neonmetin.info\/buletin\/wp-json\/wp\/v2\/posts\/22794\/revisions"}],"predecessor-version":[{"id":22796,"href":"https:\/\/neonmetin.info\/buletin\/wp-json\/wp\/v2\/posts\/22794\/revisions\/22796"}],"wp:featuredmedia":[{"embeddable":true,"href":"https:\/\/neonmetin.info\/buletin\/wp-json\/wp\/v2\/media\/22795"}],"wp:attachment":[{"href":"https:\/\/neonmetin.info\/buletin\/wp-json\/wp\/v2\/media?parent=22794"}],"wp:term":[{"taxonomy":"category","embeddable":true,"href":"https:\/\/neonmetin.info\/buletin\/wp-json\/wp\/v2\/categories?post=22794"},{"taxonomy":"post_tag","embeddable":true,"href":"https:\/\/neonmetin.info\/buletin\/wp-json\/wp\/v2\/tags?post=22794"}],"curies":[{"name":"wp","href":"https:\/\/api.w.org\/{rel}","templated":true}]}}