{"id":2567,"date":"2020-03-25T09:01:09","date_gmt":"2020-03-25T09:01:09","guid":{"rendered":"https:\/\/neonmetin.info\/buletin\/?p=2567"},"modified":"2020-03-25T09:01:10","modified_gmt":"2020-03-25T09:01:10","slug":"pedro-belo-halo-deklarasaun-laloos-pm-taur-husu-deskulpa-ba-oms","status":"publish","type":"post","link":"https:\/\/neonmetin.info\/buletin\/2020\/03\/25\/pedro-belo-halo-deklarasaun-laloos-pm-taur-husu-deskulpa-ba-oms\/","title":{"rendered":"Pedro Belo Halo Deklarasaun Laloos, PM Taur Husu Deskulpa ba OMS"},"content":{"rendered":"\n<p>Media Gabinete Priemiru Ministru nian haktuir katak, horiseik (24\/03), Superintendente Xefe Polisia, Pedro Belo deklara ba TVTL katak Organizasaun Mundial Saude (OMS) nia prezensa iha Timor-Leste nudar projetu ida. Ba statement publik ida ne\u2019e, Koodenador Rezidente ONU, Roy Trivedy no Reprezentante OMS hato\u2019o lamentasaun ba Primeiru Ministru Taur Matan Ruak ohin, 25\/03, iha Palacio Governo.<\/p>\n\n\n\n<p>Iha loron\nhanesan Koordenador Rezidente ONU nian mos hato\u2019o komunikadu imprensa ba publik\nhodi hatudu diskontentamentu ONU nian ba saida mak Komandante Operasional PNTL,\nPedro Belo halo ona.<\/p>\n\n\n\n<p>Koordenad\u00f3r\nRezidente ONU iha Timor-Leste, Roy Trivedy, deklara hasoru dezinformasaun mak\nhato\u2019o hosi Komandante Operasional PNTL, Pedro Belo, ne\u2019ebe hatete katak\nOrganizasaun Mundial Saude (OMS) la ajuda governo hodi kombate COVID-19. Roy\nTrivedy hatete katak deklarasaun Komandante Pedro Belo nian ne\u2019e laloos no\nirresponsavel.&nbsp;&nbsp; <\/p>\n\n\n\n<p>\u201cHa\u2019u neon-susar bainhira haree no rona funsion\u00e1riu superi\u00f3r ida deklara iha fatin p\u00fabliku iha Televizaun Nasion\u00e1l horikalan katak nia: \u201c\u2026la kontente ho OMS \u2026 sira la ajuda governu atu kombate COVID-19 \u2026\u201d. Deklarasaun ida-ne\u2019e hosi Komandante Operasion\u00e1l PNTL mak fatualmente laloos, hatudu irresponsabilidade boot no hatudu m\u00f3s katak nia falta komprensaun kona-ba OMS nia knar,\u201d Koordenad\u00f3r Rezidente ONU iha Timor-Leste, Roy Trivedy, deklara liu komunikadu imprensa publika ohin, 25\/03. <\/p>\n\n\n\n<p>Roy Trivedy hato\u2019o\ndeklarasaun ida-ne\u2019e hodi naran Sistema Nasoins Unidas iha Timor-Leste.<\/p>\n\n\n\n<p>Ba\nlamentasaun ne\u2019ebe hato\u2019o, Primeiru Ministru Taur Matan Ruak, lori goveno nia\nnarak husu deskulpa. Meia Gabinete Primeiru Ministru nian haktuir katak,\nDeklarasaun refere la refleta governo no estadu Timor-Leste. Primeiru Ministru\nhusu ona ba Ministru Interior Interinu atu fo atensuan ba asuntu ne\u2019e no husu\natu PNTL koalia deit kona ba sira nia area servisu.<\/p>\n\n\n\n<p>Primeiru\nMinistru Taur mos hato\u2019o ba reprezentante OMS katak governo iha konfiansa\nnafatin ba OMS no apresia tebes OMS nia servisu iha Timor-Leste. Reprezentante\nONU nian no mos OMS iha Timor-Leste agradese asaun ne\u2019ebe Primeiru Ministru\nTaur halo ona.<\/p>\n","protected":false},"excerpt":{"rendered":"<p>Media Gabinete Priemiru Ministru nian haktuir katak, horiseik (24\/03), Superintendente Xefe Polisia, Pedro Belo deklara ba TVTL katak Organizasaun Mundial Saude (OMS) nia prezensa iha Timor-Leste nudar projetu ida. Ba statement publik ida ne\u2019e, Koodenador Rezidente ONU, Roy Trivedy no Reprezentante OMS hato\u2019o lamentasaun ba Primeiru Ministru Taur Matan Ruak ohin, 25\/03, iha Palacio Governo. [&hellip;]<\/p>\n","protected":false},"author":3,"featured_media":2568,"comment_status":"open","ping_status":"open","sticky":false,"template":"","format":"standard","meta":{"om_disable_all_campaigns":false,"_monsterinsights_skip_tracking":false,"_monsterinsights_sitenote_active":false,"_monsterinsights_sitenote_note":"","_monsterinsights_sitenote_category":0,"amp_status":"","footnotes":""},"categories":[63],"tags":[],"class_list":["post-2567","post","type-post","status-publish","format-standard","has-post-thumbnail","hentry","category-notisia"],"aioseo_notices":[],"_links":{"self":[{"href":"https:\/\/neonmetin.info\/buletin\/wp-json\/wp\/v2\/posts\/2567","targetHints":{"allow":["GET"]}}],"collection":[{"href":"https:\/\/neonmetin.info\/buletin\/wp-json\/wp\/v2\/posts"}],"about":[{"href":"https:\/\/neonmetin.info\/buletin\/wp-json\/wp\/v2\/types\/post"}],"author":[{"embeddable":true,"href":"https:\/\/neonmetin.info\/buletin\/wp-json\/wp\/v2\/users\/3"}],"replies":[{"embeddable":true,"href":"https:\/\/neonmetin.info\/buletin\/wp-json\/wp\/v2\/comments?post=2567"}],"version-history":[{"count":1,"href":"https:\/\/neonmetin.info\/buletin\/wp-json\/wp\/v2\/posts\/2567\/revisions"}],"predecessor-version":[{"id":2569,"href":"https:\/\/neonmetin.info\/buletin\/wp-json\/wp\/v2\/posts\/2567\/revisions\/2569"}],"wp:featuredmedia":[{"embeddable":true,"href":"https:\/\/neonmetin.info\/buletin\/wp-json\/wp\/v2\/media\/2568"}],"wp:attachment":[{"href":"https:\/\/neonmetin.info\/buletin\/wp-json\/wp\/v2\/media?parent=2567"}],"wp:term":[{"taxonomy":"category","embeddable":true,"href":"https:\/\/neonmetin.info\/buletin\/wp-json\/wp\/v2\/categories?post=2567"},{"taxonomy":"post_tag","embeddable":true,"href":"https:\/\/neonmetin.info\/buletin\/wp-json\/wp\/v2\/tags?post=2567"}],"curies":[{"name":"wp","href":"https:\/\/api.w.org\/{rel}","templated":true}]}}