{"id":4277,"date":"2020-07-02T11:46:14","date_gmt":"2020-07-02T11:46:14","guid":{"rendered":"https:\/\/neonmetin.info\/buletin\/?p=4277"},"modified":"2020-07-02T11:46:16","modified_gmt":"2020-07-02T11:46:16","slug":"colegio-sao-jose-operariu-reativa-ona-mejd-husu-alunus-manorin-no-inan-aman-serbisu-hamutuk-nafatin","status":"publish","type":"post","link":"https:\/\/neonmetin.info\/buletin\/2020\/07\/02\/colegio-sao-jose-operariu-reativa-ona-mejd-husu-alunus-manorin-no-inan-aman-serbisu-hamutuk-nafatin\/","title":{"rendered":"Colegio Sao Jose Operariu Reativa Ona, MEJD Husu Alunus, Manorin no Inan Aman Serbisu Hamutuk Nafatin"},"content":{"rendered":"\n<p><strong><em>Reportazen Francisco JDA <\/em><\/strong><\/p>\n\n\n\n<p>Ministeriu Edukasaun Juventude Desportu (MEJD) ofisialmente re-abertura Eskola Colegio\u00a0 Sao Jos\u00e9 Operariu, ne&#8217;eb\u00e9 paradu durante Fulan tolu nia laran, tanba kauza hosi moras Pandemia Covid-19, maib\u00e9 ohin re-abertura hikas prosesu aprendizajen no priense ona kriteria hosi Organizasaun Mundi\u00e1l Sa\u00fade (OMS) no Ministeriu Sa\u00fade <\/p>\n\n\n\n<p>Iha Diskursu Ministru Edukasaun Juventude Desportu (MEJD),\nArmindo Maia hateten, eskola ne&#8217;eb\u00e9 ne\u2019ebe iha ona preparasaun ne&#8217;e lubuk ida\nona, iha territ\u00f3riu laran bele reativa fila fali ona no eskola&nbsp; Colegio Sao Jos\u00e9 Operariu rasik priense ona\nrekejitus atu bele loke fila fali.<\/p>\n\n\n\n<p><em>&#8220;Ha&#8217;u espera katak bainhira imi fila fali ba eskola, esforsu makaas hodi rekupera lalais tempu ne&#8217;eb\u00e9 imi lakon ona fulan rua to\u2019o tolu no m\u00f3s materia ne&#8217;eb\u00e9 imi la aprende, tanba ne&#8217;e mak ha&#8217;u husu ba alunus no Profesores sira esforsa-an, \u00a0Ministro mesak m\u00f3s sei la bele halo buat ida. ida-idak iha nia responsabilidade, hamutuk inan aman sira ita hotu iha responsabilidade so nune&#8217;e mak ita man\u00e1n funu ne&#8217;eb\u00e9 ita hasoru, ba inimigu ne&#8217;eb\u00e9 mak ita la hare Covid-19 ka Inimigu Invisivel\u201d,<\/em> \u00a0tenik MEJD Armindo Maia iha Balide,eskola Sai Jos\u00e9 Operariu,02\/07<\/p>\n\n\n\n<p>Armindo Maia reforsa tan iha problema eskola balun bee la\niha, estadu&nbsp; tenki buka mekanismu ida\noins\u00e1 mak sira m\u00f3s bele priense rekejitus, tekniku sira komesa estuda, oins\u00e1\nmak bele hamutuk ho komunidade, bele ultrapasa problema ida ne&#8217;e. <\/p>\n\n\n\n<p>Iha Fatin Hanesan Diretor Eskola Sao Jos\u00e9 Operariu Pe.\nVenceslau de Deus esplika katak moras Covid-19 afeta iha mundu tomak, ema hotu\nhili liu hakmatek iha uma prevene moras ida ne&#8217;e, atu nafatin iha kondisaun\ndi&#8217;ak, nunee ikus mai bele hah\u00fa fali atividade edukasaun ba prosesu\naprendizajen sira. <\/p>\n\n\n\n<p>Colegio Sai Jos\u00e9 Operariu hah\u00fa ho ensinu baziku sikulu\n1,2,3&nbsp; no m\u00f3s iha ensinu sekundaria,&nbsp; maib\u00e9 buat balun mak seidauk kompletu, eskola\nrefere sei kontinua esforsu hodi kompleta, atu nune bele halo Prevensaun hosi\nmoras Covid-19.<\/p>\n","protected":false},"excerpt":{"rendered":"<p>Reportazen Francisco JDA Ministeriu Edukasaun Juventude Desportu (MEJD) ofisialmente re-abertura Eskola Colegio\u00a0 Sao Jos\u00e9 Operariu, ne&#8217;eb\u00e9 paradu durante Fulan tolu nia laran, tanba kauza hosi moras Pandemia Covid-19, maib\u00e9 ohin re-abertura hikas prosesu aprendizajen no priense ona kriteria hosi Organizasaun Mundi\u00e1l Sa\u00fade (OMS) no Ministeriu Sa\u00fade Iha Diskursu Ministru Edukasaun Juventude Desportu (MEJD), Armindo Maia [&hellip;]<\/p>\n","protected":false},"author":2,"featured_media":4278,"comment_status":"open","ping_status":"open","sticky":false,"template":"","format":"standard","meta":{"om_disable_all_campaigns":false,"_monsterinsights_skip_tracking":false,"_monsterinsights_sitenote_active":false,"_monsterinsights_sitenote_note":"","_monsterinsights_sitenote_category":0,"amp_status":"","footnotes":""},"categories":[63],"tags":[],"class_list":["post-4277","post","type-post","status-publish","format-standard","has-post-thumbnail","hentry","category-notisia"],"aioseo_notices":[],"_links":{"self":[{"href":"https:\/\/neonmetin.info\/buletin\/wp-json\/wp\/v2\/posts\/4277","targetHints":{"allow":["GET"]}}],"collection":[{"href":"https:\/\/neonmetin.info\/buletin\/wp-json\/wp\/v2\/posts"}],"about":[{"href":"https:\/\/neonmetin.info\/buletin\/wp-json\/wp\/v2\/types\/post"}],"author":[{"embeddable":true,"href":"https:\/\/neonmetin.info\/buletin\/wp-json\/wp\/v2\/users\/2"}],"replies":[{"embeddable":true,"href":"https:\/\/neonmetin.info\/buletin\/wp-json\/wp\/v2\/comments?post=4277"}],"version-history":[{"count":1,"href":"https:\/\/neonmetin.info\/buletin\/wp-json\/wp\/v2\/posts\/4277\/revisions"}],"predecessor-version":[{"id":4279,"href":"https:\/\/neonmetin.info\/buletin\/wp-json\/wp\/v2\/posts\/4277\/revisions\/4279"}],"wp:featuredmedia":[{"embeddable":true,"href":"https:\/\/neonmetin.info\/buletin\/wp-json\/wp\/v2\/media\/4278"}],"wp:attachment":[{"href":"https:\/\/neonmetin.info\/buletin\/wp-json\/wp\/v2\/media?parent=4277"}],"wp:term":[{"taxonomy":"category","embeddable":true,"href":"https:\/\/neonmetin.info\/buletin\/wp-json\/wp\/v2\/categories?post=4277"},{"taxonomy":"post_tag","embeddable":true,"href":"https:\/\/neonmetin.info\/buletin\/wp-json\/wp\/v2\/tags?post=4277"}],"curies":[{"name":"wp","href":"https:\/\/api.w.org\/{rel}","templated":true}]}}