{"id":5383,"date":"2020-09-30T11:30:59","date_gmt":"2020-09-30T11:30:59","guid":{"rendered":"https:\/\/neonmetin.info\/buletin\/?p=5383"},"modified":"2020-09-30T11:31:13","modified_gmt":"2020-09-30T11:31:13","slug":"konsellu-estadu-no-ksds-rekomenda-prezidente-republika-extende-ee-ba-dala-6","status":"publish","type":"post","link":"https:\/\/neonmetin.info\/buletin\/2020\/09\/30\/konsellu-estadu-no-ksds-rekomenda-prezidente-republika-extende-ee-ba-dala-6\/","title":{"rendered":"Konsellu Estadu no KSDS Rekomenda Prezidente Republika Extende EE Ba Dala 6"},"content":{"rendered":"\n<p><strong><em>Reportazen Santina Lucia da Costa<\/em><\/strong><\/p>\n\n\n\n<p>Relasiona ho renovasaun Estadu Emerjensia (EE) liuhusi rezultadu enkontru Konsellu Estadu (KE) ho Konsellu Superior Defeza no Seguransa (KSDS) apoiu atu extende tan Estadu Emerjensia ba dala neen.<\/p>\n\n\n\n<p>Ba jornalista sira Xefe Casa Sivil, Francisco  Vasconcelos\u00a0  informa reuniaun Konsellu Superior Defeza no Seguransa (KSDS) no reuniaun Konsellu Estadu (KE) rekomenda ba Prezidente Republika, atu haruka pedidu governu nian ba Parlamentu Nasional, atu husu extende tan Estadu Emerjensia ba dala neen.<\/p>\n\n\n\n<p><em>\u201cMedidas hotu hanesan ida pedidu uluk, soke iha fronteira maka iha restredu liu tan, atu prevene para tama sai ilegal sira ne\u2019e no mos kuidadu tebes ita nia sidadaun sira, atu labele hadaet moras ne\u2019e no mos medidas ba kuarentena mos sei restredu liu tan. Ne\u2019e mak desizaun husi KE ho KSDS. Posivelmente ohin ka aban haruka ona pedidu ba Parlamentu Nasional.\u201d <\/em>Hateten Xefe Casa Sivil, Francisco Vasconselos iha Palasiu Prezidensial, Nicolau Lobato Aitarak-Laran, 30\/09.<\/p>\n\n\n\n<p>Hafoin Prezidente Republika, Dr. Francisco\nGuterres Lu-Olo rona ona opiniaun husi membrus Konsellu Superior Defeza no\nSeguransa (KSDS) no Konsellu Estadu (KE) haree katak presiza halo duni renovasaun Estadu Emerjensia.\nPrezidente Republika sei husu autorizasaun husi Parlamentu Nasional liuhusi\nmensajen ida, karik Parlamentu Nasional aprova, Prezidente Republika sei\ndekreta renovasaun Estadu Emerjensia liuhusi dekretu prezidensial.<\/p>\n\n\n\n<p>Membru&nbsp;\nsira ne\u2019eb\u00e9 halo parte Konsellu Estadu mak Prezidente Rep\u00fablika, Dr. Francisco Guterres L\u00fa\nOlo, Eis-Prezidente Rep\u00fablika Xanana Gusm\u00e3o, Eis-Prezidente Jos\u00e9 Ramos-Horta,\nEis-Prezidente Rep\u00fablika no atu\u00e1l Primeiru-Ministru Jeneral Taur Matan\nRuak,&nbsp; Prezidente Parlamentu Nasion\u00e1l\nAniceto Longuinhos Guterres Lopes.&nbsp; Halo\nparte m\u00f3s Konsellu ne\u2019e&nbsp; membru sira\nnomeadu husi Prezidente Rep\u00fablika\nmak \u00d3scar Lima, Alcino de Ara\u00fajo Barris, Maria Dadi\nSoares Magno, Laura Soares Abrantes no Faustino da Costa.&nbsp; <\/p>\n\n\n\n<p>Husi Parlamentu Nasion\u00e1l mak Eduardo de Deus \u2018Dusae\u2019,\nAurora Ximenes, Jos\u00e9 Corn\u00e9lio Guterres, \u00c1rcangelo de Jesus Gouveia Leite\nno&nbsp; Jos\u00e9 dos Santos \u2018Naimori Bucar\u2019.<\/p>\n\n\n\n<p>Entretantu, Membru&nbsp; sira ne\u2019eb\u00e9 halo parte Konsellu Superior\nDefeza no Seguransa mak Prezidente Rep\u00fablika Francisco Guterres L\u00fa Olo,\nPrimeiru-Ministru no Ministru Interi\u00f3r Taur Matan Ruak, Ministra Neg\u00f3sius\nEstranjeirus no Kooperasaun&nbsp; Maria\nAdalzija Magno, Ministru Defeza Filomeno Paix\u00e3o, Ministru Justisa Manuel\nC\u00e1rceres, Xefe Estadu Maior Jeneral F-FDTL Lere Anan Timur, Komis\u00e1riu PNTL\nFaustino da Costa no Diret\u00f3r Jer\u00e1l Servisu Nasion\u00e1l Intelij\u00e9nsia Manuel\nSerrano. Halo m\u00f3s parte iha Konsellu ne\u2019e,&nbsp;\nmembru sira nomeadu&nbsp; husi\nParlamentu Nasion\u00e1l: Ad\u00e9rito Hugo da Costa, David Dias Ximenes, Abel Pires da\nSilva. Membru sira nomeadu husi Prezidente Rep\u00fablika mak Jos\u00e9 Manuel Fernandes\n\u2018Nakfilak\u2019 no Cristina da Silva.<\/p>\n","protected":false},"excerpt":{"rendered":"<p>Reportazen Santina Lucia da Costa Relasiona ho renovasaun Estadu Emerjensia (EE) liuhusi rezultadu enkontru Konsellu Estadu (KE) ho Konsellu Superior Defeza no Seguransa (KSDS) apoiu atu extende tan Estadu Emerjensia ba dala neen. Ba jornalista sira Xefe Casa Sivil, Francisco Vasconcelos\u00a0 informa reuniaun Konsellu Superior Defeza no Seguransa (KSDS) no reuniaun Konsellu Estadu (KE) rekomenda [&hellip;]<\/p>\n","protected":false},"author":2,"featured_media":5384,"comment_status":"open","ping_status":"open","sticky":false,"template":"","format":"standard","meta":{"om_disable_all_campaigns":false,"_monsterinsights_skip_tracking":false,"_monsterinsights_sitenote_active":false,"_monsterinsights_sitenote_note":"","_monsterinsights_sitenote_category":0,"amp_status":"","footnotes":""},"categories":[63],"tags":[],"class_list":["post-5383","post","type-post","status-publish","format-standard","has-post-thumbnail","hentry","category-notisia"],"aioseo_notices":[],"_links":{"self":[{"href":"https:\/\/neonmetin.info\/buletin\/wp-json\/wp\/v2\/posts\/5383","targetHints":{"allow":["GET"]}}],"collection":[{"href":"https:\/\/neonmetin.info\/buletin\/wp-json\/wp\/v2\/posts"}],"about":[{"href":"https:\/\/neonmetin.info\/buletin\/wp-json\/wp\/v2\/types\/post"}],"author":[{"embeddable":true,"href":"https:\/\/neonmetin.info\/buletin\/wp-json\/wp\/v2\/users\/2"}],"replies":[{"embeddable":true,"href":"https:\/\/neonmetin.info\/buletin\/wp-json\/wp\/v2\/comments?post=5383"}],"version-history":[{"count":1,"href":"https:\/\/neonmetin.info\/buletin\/wp-json\/wp\/v2\/posts\/5383\/revisions"}],"predecessor-version":[{"id":5385,"href":"https:\/\/neonmetin.info\/buletin\/wp-json\/wp\/v2\/posts\/5383\/revisions\/5385"}],"wp:featuredmedia":[{"embeddable":true,"href":"https:\/\/neonmetin.info\/buletin\/wp-json\/wp\/v2\/media\/5384"}],"wp:attachment":[{"href":"https:\/\/neonmetin.info\/buletin\/wp-json\/wp\/v2\/media?parent=5383"}],"wp:term":[{"taxonomy":"category","embeddable":true,"href":"https:\/\/neonmetin.info\/buletin\/wp-json\/wp\/v2\/categories?post=5383"},{"taxonomy":"post_tag","embeddable":true,"href":"https:\/\/neonmetin.info\/buletin\/wp-json\/wp\/v2\/tags?post=5383"}],"curies":[{"name":"wp","href":"https:\/\/api.w.org\/{rel}","templated":true}]}}