{"id":6126,"date":"2020-12-04T22:53:11","date_gmt":"2020-12-04T13:53:11","guid":{"rendered":"https:\/\/neonmetin.info\/buletin\/?p=6126"},"modified":"2020-12-04T23:29:02","modified_gmt":"2020-12-04T14:29:02","slug":"ajtl-husu-tatoli-halo-cover-both-side-konaba-konferensia-ajtl-rafy-notisia-2-interligadu","status":"publish","type":"post","link":"https:\/\/neonmetin.info\/buletin\/2020\/12\/04\/ajtl-husu-tatoli-halo-cover-both-side-konaba-konferensia-ajtl-rafy-notisia-2-interligadu\/","title":{"rendered":"AJTL Husu Tatoli Halo Cover Both Side Konaba Konferensia AJTL, Rafy: Not\u00edsia 2 Interligadu"},"content":{"rendered":"\n<p><strong><em>Reportazen Francisco JDA <\/em><\/strong><\/p>\n\n\n\n<p>Asosiasaun Jornalista Timor-Lorosa\u2019e (AJTL) halo konfer\u00e9nsia imprensa relasiona ho publikasaun not\u00edsia agencia Tatoli.IP iha fulan hirak ba kotuk ne\u2019ebe kestiona konaba rezultadu konferensia AJTL nian ne\u2019ebe rezultadu hosi eleisaun Virgilio Guterres mak eleitu ba tur iha Konsellu Imprensa.<\/p>\n\n\n\n<p>Liu hosi konferensia imprensa, Vice Prezidente AJTL,Aniceto\nGuterres hateten liberdade\nimprensa no independ\u00e9nsia jornalizmu nu\u2019udar elementu kaduak ne\u2019eb\u00e9 labele\nhaketak husi independ\u00e9nsia redasaun kan\u00e1l m\u00eddia hotuhotu. Liberdade imprensa no\nindepend\u00e9nsia jornalizmu garante kedas iha Konvensaun Internasion\u00e1l kona-ba\nDireitu Siv\u00edl Pol\u00edtika, Artigu 19, Konstituisaun Rep\u00fablika Demokr\u00e1tika\nTimor-Leste, Artigu 40 \u2013 41 no Lei Komunikasaun Sosi\u00e1l, Artigu 8, K\u00f3digu \u00c9tika\nJornalizmu no Prins\u00edpi Univers\u00e1l Jornalizmu kona-ba independ\u00e9nsia editori\u00e1l no <em>cover both sides.<\/em> <\/p>\n\n\n\n<p>Asosiasaun\nJornalista Timor Lorosa\u2019e (AJTL) m\u00f3s opta valor no prins\u00edpiu sira ne\u2019e iha ninia\nestatuta atu asegura no garante liberdade imprensa no independ\u00e9nsia jornalizmu\niha kada kan\u00e1l m\u00eddia no jornalista nia atividade jornalizmu lorloron. <\/p>\n\n\n\n<p>AJTL konsidera not\u00edsia ne\u2019ebe Tatoli.IP publika iha loron 9\nJullu no loron 20 Novembru kona ba adia eleisaun ba membru konselho imprensa,\nla tuir padraun jornalistiku k\u00f3digu \u00e9tika jornalizmu no prinsipiu jornalizmu\ncover both sides ka kobre parte rua tanba to\u2019o agora la halo konfirmasaun ho\nAJTL.<\/p>\n\n\n\n<p>Tuir Porta Voz AJTL hanesan mos Vise Presidente AJTL,\nAniceto Guterres ba jornalista sira hateten tuir lolos redasaun Tatoli.IP mos\ntenki kestiona rezultadu konfer\u00e9nsia Timor-Leste Press Union (TLPU) ne\u2019ebe\nrealiza rekizitu hanesan, maib\u00e9 Tatoli.IP nunka kestiona no publika no kestiona\ndeit mak AJTL<\/p>\n\n\n\n<p><em>\u201cDurante ne\u2019e Tatoli nunka halo tentativa ida ho AJTL notisia\u00a0 kuota ida mak tendensioza maib\u00e9 nunka mais konfirma ho AJTL, not\u00edsia hosi Outubru to\u2019o 20 Novembru Tatoli nunka konfirma ho konselho imprensa, atu fo nia prespektiva saida mak Tatoli halo mak hatoo opiniaun hosi parlamentu\u201d,<\/em> hatete Vise Presiodente AJTL, Aniceto Guteres iha sede AJTL Fatuhada, 04\/12.<\/p>\n\n\n\n<p>Porta Voz AJTL Anicetu Guterres dehan AJTL konsidera\nrezultadu eleisaun iha konfer\u00e9nsia AJTL iha 4 de Jullu 2020, nudar rezultadu\nfinal no dezisaun aas liu ne\u2019ebe kongresista foti, atu hili eis Presidente AJTL\nVirgilio Guterres \u201cLamukan\u201d nud\u00e1r reprezentante ativu ba tur iha KI 2020-2024<\/p>\n\n\n\n<p>Iha Fatin hanesan, Presidente AJTL Zevonia Vieira\u00a0 hatete katak AJTL iha dever moral hodi hatoo defende konferensia ne\u2019ebe mak final ona no durante ne\u2019e kobertura ne\u2019ebe halao sempre temi deit mak AJTL no Virgilio Guterres no la halo konfirmasaun ho AJTL.<\/p>\n\n\n\n<p><em>\u201cKonaba konferensia AJTL no Virgilio Guteres nia naran sempre iha iha notisa laran, ami iha direitu atu esplika no hato\u2019o liu konfer\u00e9nsia imprensa, atu hat\u00e1n tanba sa mak Tatoli nunka konfirma ho AJTL, tanba tuir ami nia hanoin bele mosu prespektiva hosi liur katak AJTL nia konferensia ne\u2019e illegal maibe realidade legal no buat hotu desidi iha plenaria\u201d,<\/em> hateten Zevonia Vieira.<\/p>\n\n\n\n<p>Zevonia hatutan konferensia ne\u2019ebe organiza hosi Konsellu\nImprensa ne\u2019e aplika mos ba TLPU ho prosesu ne\u2019ebe hanesan no tuir asosiasaun\nnian estatutu idak-idak no ida ne\u2019e akontese tanba tuir konsultasaun ne\u2019ebe KI\norganiza antes hili membru KI sira, ne\u2019ebe asosiasaun ezije atu fleksibilidade\nba asosiasaun sira tuir idak-idak nia estatutu. <\/p>\n\n\n\n<p>Entertantu Departamentu Juridiku AJTL, Scos Vieira hatete\nkatak k\u00f3digu \u00e9tika jurnalizmu artigu 5 koalia kona ba cover both sides ne\u2019ebe\nhakerek ona kona ba ekilibra ne\u2019e, bainhira jornalista 31 hatama petisaun, to\u2019o\nohin loron AJTL la hetan konfirmasaun maske temi AJTL nia naran, <\/p>\n\n\n\n<p>Ho razaun hirak ne\u2019e AJTL husu agencia Tatoli.IP atu garante\nprins\u00edpiu cover Both Side, husu Konsellu Imprena supervisiona produtu\njurnalistiku no husu ba membru AJTL tomak atu mantein s\u00e9rbisu profesional tuir\nk\u00f3digu \u00e9tika jornalizmu.<\/p>\n\n\n\n<p>Relasiona ho Konferensia Imprensa ne\u2019ebe realiza hosi AJTL,\njornalista Neon Metin halo konfirmasaun ho reprezentante redasaun Tatoli.IP,\nRafael Ximenes Belo kona ba AJTL nia statementu husu Tatoli atu halo cover both\nside via telefone.<\/p>\n\n\n\n<p>Ba Neon Metin, Rafael Ximenes Belo esplika katak,  <em>&#8220;Cover Both Side ami halo tanba iha not\u00edsia rua interligadu, cover both side nafatin mantein, ezetu iha nia atualidade jurnalismu digital nia karakter ida mak hiperligasaun no up to date, laos hanesan konvension\u00e1l\u201d.<\/em><\/p>\n\n\n\n<p>Nia dehan cover both side la depende ba tempu maib\u00e9 atualizasaun no importante liu mak not\u00edsia labele viola prins\u00edpiu k\u00f3digu \u00e9tika deontologiku, promove prekonseitu difamasaun no seluk tan.<\/p>\n","protected":false},"excerpt":{"rendered":"<p>Reportazen Francisco JDA Asosiasaun Jornalista Timor-Lorosa\u2019e (AJTL) halo konfer\u00e9nsia imprensa relasiona ho publikasaun not\u00edsia agencia Tatoli.IP iha fulan hirak ba kotuk ne\u2019ebe kestiona konaba rezultadu konferensia AJTL nian ne\u2019ebe rezultadu hosi eleisaun Virgilio Guterres mak eleitu ba tur iha Konsellu Imprensa. Liu hosi konferensia imprensa, Vice Prezidente AJTL,Aniceto Guterres hateten liberdade imprensa no independ\u00e9nsia jornalizmu [&hellip;]<\/p>\n","protected":false},"author":1,"featured_media":6127,"comment_status":"open","ping_status":"open","sticky":false,"template":"","format":"standard","meta":{"om_disable_all_campaigns":false,"_monsterinsights_skip_tracking":false,"_monsterinsights_sitenote_active":false,"_monsterinsights_sitenote_note":"","_monsterinsights_sitenote_category":0,"amp_status":"","footnotes":""},"categories":[63],"tags":[],"class_list":["post-6126","post","type-post","status-publish","format-standard","has-post-thumbnail","hentry","category-notisia"],"aioseo_notices":[],"_links":{"self":[{"href":"https:\/\/neonmetin.info\/buletin\/wp-json\/wp\/v2\/posts\/6126","targetHints":{"allow":["GET"]}}],"collection":[{"href":"https:\/\/neonmetin.info\/buletin\/wp-json\/wp\/v2\/posts"}],"about":[{"href":"https:\/\/neonmetin.info\/buletin\/wp-json\/wp\/v2\/types\/post"}],"author":[{"embeddable":true,"href":"https:\/\/neonmetin.info\/buletin\/wp-json\/wp\/v2\/users\/1"}],"replies":[{"embeddable":true,"href":"https:\/\/neonmetin.info\/buletin\/wp-json\/wp\/v2\/comments?post=6126"}],"version-history":[{"count":3,"href":"https:\/\/neonmetin.info\/buletin\/wp-json\/wp\/v2\/posts\/6126\/revisions"}],"predecessor-version":[{"id":6130,"href":"https:\/\/neonmetin.info\/buletin\/wp-json\/wp\/v2\/posts\/6126\/revisions\/6130"}],"wp:featuredmedia":[{"embeddable":true,"href":"https:\/\/neonmetin.info\/buletin\/wp-json\/wp\/v2\/media\/6127"}],"wp:attachment":[{"href":"https:\/\/neonmetin.info\/buletin\/wp-json\/wp\/v2\/media?parent=6126"}],"wp:term":[{"taxonomy":"category","embeddable":true,"href":"https:\/\/neonmetin.info\/buletin\/wp-json\/wp\/v2\/categories?post=6126"},{"taxonomy":"post_tag","embeddable":true,"href":"https:\/\/neonmetin.info\/buletin\/wp-json\/wp\/v2\/tags?post=6126"}],"curies":[{"name":"wp","href":"https:\/\/api.w.org\/{rel}","templated":true}]}}