{"id":9471,"date":"2021-08-20T20:42:58","date_gmt":"2021-08-20T11:42:58","guid":{"rendered":"https:\/\/neonmetin.info\/buletin\/?p=9471"},"modified":"2021-08-20T20:43:05","modified_gmt":"2021-08-20T11:43:05","slug":"kongresu-fretilin-somotxo-ho-dr-rui-sei-avansa-ho-pakote-ida","status":"publish","type":"post","link":"https:\/\/neonmetin.info\/buletin\/2021\/08\/20\/kongresu-fretilin-somotxo-ho-dr-rui-sei-avansa-ho-pakote-ida\/","title":{"rendered":"Kongresu FRETILIN, Somotxo Ho Dr. Rui Sei Avansa Ho Pakote Ida"},"content":{"rendered":"\n<p><strong><em>Reportajen Francisco JDA<\/em><\/strong><\/p>\n\n\n\n<p>Atual deputadu Jos\u00e9 Siqueira &#8221; Somotxo&#8221; Konfirmadu ona ho Eis Primeiru Ministro Dr. Rui Maria Ara\u00fajo hodi sei avansa pakote ida ba kongresu partidu Frente Revolusion\u00e1riu Timor-Leste Independ\u00e9nsia ( FRETILIN) ne&#8217;eb\u00e9 sei akontese\u00a0 iha tinan ida ne&#8217;e nia laran.<\/p>\n\n\n\n<p>Tuir Deputadu Bankada FRETILIN, Jos\u00e9 Siqueira &#8221; Somotxo&#8221; ba jornalista sira hateten pakote ne&#8217;e nain rua, atu konkore eleisaun direita ou kongresu, nune&#8217;e husu hotu-hotu atu observa, no hare estatutu FRETILIN tanba kongresu ba FRETILIN tuir regra kada tinan 5. Pakote sira sei hametin liu tan FRETILIN no ema ne&#8217;eb\u00e9 temi ona naran, ne&#8217;e konserteza iha ko\u00f1esimentu hodi avansa ho pakote ida.<\/p>\n\n\n\n<p><em>&#8220;Ha&#8217;u hanoin ida ne&#8217;e la&#8217;\u00f3s atu harahun FRETILIN maibe adia no halo metin tan FRETILIN, tanba ami hotu tenki halo reflesaun ba ami ida-idak nia an, pakote ida intensaun.&#8221;<\/em> hatete Deputadu FRETILIN Jos\u00e9 Siqueira &#8221; Somotxo&#8221; iha ambitu komemorasaun loron FALINTIL ba dala 46 iha Kuarter Jeneral\u00a0 Fatuhada, 20\/08<\/p>\n\n\n\n<p>Deputadu FRETILIN ne&#8217;e dehan, pakote ne&#8217;e norm\u00e1l, tanba ne&#8217;e kongresu FRETILIN iha 4 de Outubro 2016, no sei remata iha 4 de Outubru 2021 ne&#8217;e responsabilidade la&#8217;\u00f3s pesoal ida nian, maib\u00e9 kuadru militante&nbsp; tomak hosi FRETILIN nia responsabilidade.<\/p>\n\n\n\n<p><em>&#8220;Ha&#8217;u la bele se kotuk ba ha&#8217;u nia maluk sira ne&#8217;eb\u00e9 iha 75 hanesan estrada karik nahe tutuir dalan to\u2019o mai iha 99, ha&#8217;u la&#8217;\u00f3s atu trai sira, ha&#8217;u kontinua nafatin sira nia obra, no husu m\u00f3s ba l\u00edder sira, se sira dehan ha&#8217;u bele halai, hatete ba sira aban bainrua m\u00f3s labele halai, fiar katak fundad\u00f3r sira hanesan Dr. Mari\u00a0 aban bainrua nia m\u00f3s sei la halai hosi partidu, tanba fiar katak man\u00e1n ka lakon hotu-hotu serbisu ba partidu,&#8221; <\/em>hateten Somotxo&#8221; iha Kuart\u00e9l Jeral Fatuhada.<\/p>\n\n\n\n<p>Antes ne&#8217;e Presidente Bankada FRETILIN, Francisco Branco ba jornalista sira hatete katak,&nbsp; forma pakote ne&#8217;e la&#8217;\u00f3s problema, maib\u00e9 FRETILIN hanorin Demokrasia, tanba&nbsp; partidu ne&#8217;e mosu hatudu dehan demokrasia funsiona,&nbsp; nune&#8217;e demokrasia ne&#8217;e la&#8217;\u00f3s iha estadu de&#8217;it maib\u00e9 demokrasia m\u00f3s iha partidu sira<\/p>\n\n\n\n<p>Nune&#8217;e kongresu FRETILIN sei hah\u00fa ho faze ba faze,\u00a0 tenke liu lai hosi reestrutura baze, hosi suku to\u2019o Munis\u00edpiu to\u2019o Komisaun Pol\u00edtiku Nasion\u00e1l, nune&#8217;e sei presiza re\u00fane atu bele determina loron no define agenda ba kongresu iha tinan ida ne&#8217;e nia laran.<\/p>\n","protected":false},"excerpt":{"rendered":"<p>Reportajen Francisco JDA Atual deputadu Jos\u00e9 Siqueira &#8221; Somotxo&#8221; Konfirmadu ona ho Eis Primeiru Ministro Dr. Rui Maria Ara\u00fajo hodi sei avansa pakote ida ba kongresu partidu Frente Revolusion\u00e1riu Timor-Leste Independ\u00e9nsia ( FRETILIN) ne&#8217;eb\u00e9 sei akontese\u00a0 iha tinan ida ne&#8217;e nia laran. Tuir Deputadu Bankada FRETILIN, Jos\u00e9 Siqueira &#8221; Somotxo&#8221; ba jornalista sira hateten pakote [&hellip;]<\/p>\n","protected":false},"author":2,"featured_media":9472,"comment_status":"open","ping_status":"open","sticky":false,"template":"","format":"standard","meta":{"om_disable_all_campaigns":false,"_monsterinsights_skip_tracking":false,"_monsterinsights_sitenote_active":false,"_monsterinsights_sitenote_note":"","_monsterinsights_sitenote_category":0,"amp_status":"","footnotes":""},"categories":[63],"tags":[],"class_list":["post-9471","post","type-post","status-publish","format-standard","has-post-thumbnail","hentry","category-notisia"],"aioseo_notices":[],"_links":{"self":[{"href":"https:\/\/neonmetin.info\/buletin\/wp-json\/wp\/v2\/posts\/9471","targetHints":{"allow":["GET"]}}],"collection":[{"href":"https:\/\/neonmetin.info\/buletin\/wp-json\/wp\/v2\/posts"}],"about":[{"href":"https:\/\/neonmetin.info\/buletin\/wp-json\/wp\/v2\/types\/post"}],"author":[{"embeddable":true,"href":"https:\/\/neonmetin.info\/buletin\/wp-json\/wp\/v2\/users\/2"}],"replies":[{"embeddable":true,"href":"https:\/\/neonmetin.info\/buletin\/wp-json\/wp\/v2\/comments?post=9471"}],"version-history":[{"count":1,"href":"https:\/\/neonmetin.info\/buletin\/wp-json\/wp\/v2\/posts\/9471\/revisions"}],"predecessor-version":[{"id":9473,"href":"https:\/\/neonmetin.info\/buletin\/wp-json\/wp\/v2\/posts\/9471\/revisions\/9473"}],"wp:featuredmedia":[{"embeddable":true,"href":"https:\/\/neonmetin.info\/buletin\/wp-json\/wp\/v2\/media\/9472"}],"wp:attachment":[{"href":"https:\/\/neonmetin.info\/buletin\/wp-json\/wp\/v2\/media?parent=9471"}],"wp:term":[{"taxonomy":"category","embeddable":true,"href":"https:\/\/neonmetin.info\/buletin\/wp-json\/wp\/v2\/categories?post=9471"},{"taxonomy":"post_tag","embeddable":true,"href":"https:\/\/neonmetin.info\/buletin\/wp-json\/wp\/v2\/tags?post=9471"}],"curies":[{"name":"wp","href":"https:\/\/api.w.org\/{rel}","templated":true}]}}